{"id":5388,"date":"2020-01-02T10:55:52","date_gmt":"2020-01-02T13:55:52","guid":{"rendered":"http:\/\/gobierno.udd.cl\/cpp\/?p=5388"},"modified":"2020-01-02T10:55:52","modified_gmt":"2020-01-02T13:55:52","slug":"imagen-presidencial-tiene-tiempo-para-recuperarse-pero-puede-empeorar-la-segunda","status":"publish","type":"post","link":"https:\/\/gobierno.udd.cl\/cpp\/noticias\/2020\/01\/02\/imagen-presidencial-tiene-tiempo-para-recuperarse-pero-puede-empeorar-la-segunda\/","title":{"rendered":"Imagen presidencial tiene tiempo para recuperarse, pero puede empeorar &#8211; La Segunda"},"content":{"rendered":"<p style=\"text-align: justify;\">\u201cHoy, pr\u00e1cticamente, no crecemos ni se crean empleos de calidad, los salarios y las pensiones se estancan, la delincuencia avanza y la salud est\u00e1 en crisis\u201d, diagnostic\u00f3 Sebasti\u00e1n Pi\u00f1era hace dos a\u00f1os, en una carta que abri\u00f3 su programa presidencial. Su promesa en entonces era reemplazar a \u201cun mal gobierno\u201d y hacer de Chile un pa\u00eds desarrollado.<\/p>\n<p style=\"text-align: justify;\">Con esa convicci\u00f3n por delante \u2014cimentada en las buenas cifras obtenidas durante su primer gobierno\u2014, su capacidad de gesti\u00f3n y el manejo de la econom\u00eda se convirtieron en las fortalezas m\u00e1s valoradas por la opini\u00f3n p\u00fablica al momento de evaluar los atributos presidenciales.<\/p>\n<p style=\"text-align: justify;\">Pero las encuestas muestran que la ciudadan\u00eda ya no reconoce en \u00e9l esas caracter\u00edsticas. Una econom\u00eda que no despeg\u00f3 como se esperaba y problemas de seguridad \u2014presentes desde mucho antes del 18 de octubre\u2014 quitaron a Pi\u00f1era sus principales cualidades, agotando la idea del empresario emprendedor como imaginario nacional.<\/p>\n<p style=\"text-align: justify;\">Otros atributos como \u201cconfianza y cercan\u00eda\u201d, nunca estuvieron asociados a su figura. En la encuesta CEP de mayo de este a\u00f1o, el primero cay\u00f3 a 28% (desde 42% registrado en octubre-noviembre 2018) y el segundo a 19% (desde 27%). Y pese a que las encuestas de Criteria y Activa publicadas esta semana mostraron un leve repunte en su aprobaci\u00f3n respecto de noviembre (su peor mes), sigue en niveles inusualmente bajos.<\/p>\n<p style=\"text-align: justify;\"><strong>Ca\u00edda de la \u201cmarca\u201d Pi\u00f1era<\/strong><\/p>\n<p style=\"text-align: justify;\">Las encuestas locales miden los atributos presidenciales con distinta periodicidad. La primera vez que \u201cAgenda Ciudadana\u201d, de Criteria Research, pregunt\u00f3 sobre las razones de la aprobaci\u00f3n presidencial bajo la administraci\u00f3n actual (septiembre 2018), la cualidad m\u00e1s destacada por los encuestados en la forma en que Pi\u00f1era conduc\u00eda su gobierno era el crecimiento econ\u00f3mico (24%).<\/p>\n<p style=\"text-align: justify;\">Un factor similar, \u201cbuen manejo de la econom\u00eda\u201d, apareci\u00f3 a la baja en agosto de este a\u00f1o (12%), y en el \u00faltimo sondeo que midi\u00f3 esta variable (octubre), ninguna opci\u00f3n directamente vinculada a la econom\u00eda prevaleci\u00f3. En el mismo sondeo tambi\u00e9n fue a la baja la percepci\u00f3n \u201clo est\u00e1 haciendo bien\u201d, la que pas\u00f3 de 27% a 6% (de quienes aprueban) entre agosto y octubre.<\/p>\n<p style=\"text-align: justify;\">\u201cLa mala evaluaci\u00f3n del Presidente tiene que ver con dos temas. El juicio de la ciudadan\u00eda sobre el programa original es categ\u00f3rico, en cuanto a que su gobierno no cumpli\u00f3 ninguna de sus dos promesas centrales: prosperidad econ\u00f3mica y seguridad. Y las personas le atribuyen mal manejo y falta de conducci\u00f3n de la crisis social\u201d, comenta Cristian Valdivieso, director de Criteria.<\/p>\n<p style=\"text-align: justify;\">El estudio de diciembre, publicado esta semana, arroj\u00f3 que el Mandatario termin\u00f3 el a\u00f1o con 16% de aprobaci\u00f3n, 4 puntos m\u00e1s que en noviembre, cuando marc\u00f3 su nivel m\u00e1s bajo. El leve repunte fue atribuido a la mejor evaluaci\u00f3n que hizo el segmento de entrevistados identificados con Chile Vamos.<\/p>\n<p style=\"text-align: justify;\"><strong>Pierde su n\u00facleo de apoyo<\/strong><\/p>\n<p style=\"text-align: justify;\">Ricardo Gonz\u00e1lez, coordinador del programa de opini\u00f3n p\u00fablica del CEP, explica que la aprobaci\u00f3n y los atributos est\u00e1n asociados a la capacidad de enfrentar los problemas del pa\u00eds. Por ello \u201cno es sorprendente que la percepci\u00f3n de los atributos presidenciales se haya deteriorado desde el inicio del mandato, m\u00e1s a\u00fan despu\u00e9s del 18\/O, en que la falta de control de la violencia y los desaciertos comunicacionales, como la declaraci\u00f3n \u00abestamos en guerra contra un enemigo poderoso\u00bb, pueden haber generado la percepci\u00f3n de falta de autoridad, liderazgo, destreza y habilidad para enfrentar presiones de los grupos movilizados\u201d, se\u00f1ala. Y precisa que los factores que influyen en el descenso de la valoraci\u00f3n de Pi\u00f1era comenzaron antes del estallido.<\/p>\n<p style=\"text-align: justify;\">En la encuesta CEP m\u00e1s reciente (mayo 2019) las expectativas econ\u00f3micas igualaban los niveles de abril-agosto 2015 (uno de los peores periodos del segundo gobierno de Michelle Bachelet, producto de las investigaciones por el caso Caval y el caso SQM) y los de noviembre 2011 (cuando el movimiento estudiantil segu\u00eda fuerte). \u201cLa percepci\u00f3n de desigualdad, los abusos de las empresas privadas y los malos tratos e ineficacia del Estado estaban presentes desde mucho antes del 18\/O. Por lo tanto, es posible vincular el magro desempe\u00f1o econ\u00f3mico del a\u00f1o a las bajas expectativas y a la baja evaluaci\u00f3n presidencial\u201d, detalla.<\/p>\n<p style=\"text-align: justify;\"><strong>Apostar por estabilidad y consenso<\/strong><\/p>\n<p style=\"text-align: justify;\">Activa Research comenz\u00f3 a examinar las razones de la aprobaci\u00f3n del Presidente en julio de este a\u00f1o. Ram\u00f3n Cavieres, director ejecutivo de la firma, concuerda en que durante los primeros meses se le atribu\u00eda un liderazgo sobre el que sustentaba su manejo econ\u00f3mico. Pero, tal como en los otros estudios, la fortaleza de estas variables se fue diluyendo y llev\u00f3 a que Pi\u00f1era cerrara diciembre con una aprobaci\u00f3n de 5,1% (0,5 puntos m\u00e1s que en noviembre, pero a\u00fan bajo el resto del a\u00f1o). El desencanto, coincide con Valdivieso y Gonz\u00e1lez, se gener\u00f3 cuando la realidad econ\u00f3mica se desacopl\u00f3 de la promesa de los \u00abTiempos Mejores\u00bb. \u201cEra un eslogan muy fuerte\u201d, recalca. \u201cEl segmento que lo aprueba siempre lo va a respaldar por su disposici\u00f3n de liderazgo y capacidad de gesti\u00f3n, pero es dif\u00edcil que retome sus niveles de aprobaci\u00f3n\u201d, advierte Cavieres. De todas formas, su liderazgo perdi\u00f3 fuerza en la \u00faltima medici\u00f3n respecto de noviembre. Por eso cree que la administraci\u00f3n Pi\u00f1era 2 \u201cse deber\u00eda considerar como un gobierno que, de acuerdo a su plan inicial, est\u00e1 terminado\u201d.<\/p>\n<p style=\"text-align: justify;\">A su juicio, al Mandatario le queda \u201cadministrar el escenario que tiene que ver con el plebiscito y la nueva Constituci\u00f3n, y comenzar un proceso de estabilidad y consenso entre las diferentes posiciones de oposici\u00f3n y Gobierno\u201d. \u201cEl Presidente necesita fundar una nueva promesa (relato) para su gobierno, que debiera estar centrada en hacerse cargo de la demanda social y en la reconstrucci\u00f3n\u201d, postula Valdivieso.<\/p>\n<p style=\"text-align: justify;\">El problema, a\u00f1ade, es que Pi\u00f1era est\u00e1 m\u00e1s enfocado en buscar a los responsables del estallido que orientado hacia el futuro.En favor del Presidente juega que le queda tiempo, pero la percepci\u00f3n general no es optimista. El director de Criteria asegura que \u201cmejoras significativas en su aprobaci\u00f3n no habr\u00e1 mientras no disminuya la incertidumbre en torno al control y el orden p\u00fablico y mientras la ciudadan\u00eda no perciba una agenda gubernamental orientada a la nueva promesa\u201d.<\/p>\n<p style=\"text-align: justify;\">Mientras la proyecci\u00f3n de un desempleo al alza con perspectivas econ\u00f3micas que podr\u00edan seguir deterior\u00e1ndose, sumado a un escenario pol\u00edtico donde el Presidente debe distribuir esfuerzos para mediar en su propia coalici\u00f3n \u2014con un oficialismo dividido entre el S\u00ed y el No, y una UDI molesta con sus compa\u00f1eros de coalici\u00f3n\u2014 podr\u00eda hacer a\u00fan m\u00e1s dif\u00edcil su rearme ante la opini\u00f3n p\u00fablica. Gonz\u00e1lez prev\u00e9 que la evaluaci\u00f3n de sus cualidades \u201cpodr\u00eda seguir empeorando\u201d, compartiendo que su potencial est\u00e1 en que \u201cla salida pol\u00edtica planificada termine con los hechos de violencia y que ello constituya los cimientos de la recuperaci\u00f3n econ\u00f3mica\u201d.<\/p>\n<p style=\"text-align: justify;\"><strong>Cambio de foco<\/strong><\/p>\n<p style=\"text-align: justify;\">Daniela Jara, acad\u00e9mica de la Escuela de Sociolog\u00eda de la U. de Valpara\u00edso e investigadora del Centro para el Estudio del Conflicto y la Cohesi\u00f3n social (Coes), sostiene que las tem\u00e1ticas relevantes a nivel de inter\u00e9s p\u00fablico se ampliaron. Esto, dice, \u201chace pensar en un desplazamiento de la comprensi\u00f3n de en qu\u00e9 se sostiene el liderazgo de un Presidente\u201d.<\/p>\n<p style=\"text-align: justify;\">Cita como ejemplo la encuesta Ipsos-Espacio P\u00fablico de diciembre. Al preguntar cu\u00e1l es la caracter\u00edstica m\u00e1s importante que deben tener los l\u00edderes para conducir a una soluci\u00f3n a la crisis, 50% se inclin\u00f3 por la empat\u00eda, 19% por el liderazgo para lograr acuerdos entre las autoridades, 14% mano firme para combatir la violencia y 10% capacidad de di\u00e1logo. \u201cConceptos antiguos como mano dura, represi\u00f3n, que a\u00fan hay gente que la puede asociar a liderazgo, o la capacidad m\u00e1s concertacionista de llegar a acuerdos, est\u00e1 bastante deca\u00edda en forma de liderazgo\u201d, se\u00f1ala.<\/p>\n<p style=\"text-align: justify;\">La promesa que hace meses sosten\u00eda su aprobaci\u00f3n, ahora es parte del malestar, \u201cque no es con la persona, sino con un estado m\u00e1s estructural (&#8230;) La idea del empresario emprendedor como imaginario nacional est\u00e1 agotada\u201d, concluye Jara. E insiste en que para sacar adelante \u201cun buque con crisis de legitimidad\u201d, el camino es la empat\u00eda y reconocimiento del otro.\u00a0<strong><span class=\"highlight\">Eugenio<\/span>\u00a0<span class=\"highlight\">Guzm\u00e1n<\/span>, decano de la Facultad de Gobierno\u00a0<span class=\"highlight\">UDD<\/span><\/strong>, concuerda sugiriendo que Pi\u00f1era debe reforzar su capacidad ejecutiva en la toma de decisiones y escuchar m\u00e1s: \u201cSe tiene que ver con m\u00e1s claridad que escucha las opiniones de los otros y no las que confirman algunas que tiene \u00e9l\u201d.<\/p>\n<p><a href=\"https:\/\/gobierno.udd.cl\/files\/2020\/01\/2020-01-02_lj3o3lbp.jpg\"><img loading=\"lazy\" decoding=\"async\" class=\"size-medium wp-image-23902 aligncenter\" src=\"https:\/\/gobierno.udd.cl\/files\/2020\/01\/2020-01-02_lj3o3lbp-231x300.jpg\" alt=\"\" width=\"231\" height=\"300\" \/><\/a><\/p>\n<p>&nbsp;<\/p>\n","protected":false},"excerpt":{"rendered":"<p>Tras perder su principal fortaleza, el manejo econ\u00f3mico, los analistas dicen que para repuntar debe buscar un nuevo relato.<\/p>\n","protected":false},"author":0,"featured_media":4478,"comment_status":"open","ping_status":"open","sticky":false,"template":"","format":"standard","meta":{"footnotes":""},"categories":[10162],"tags":[],"class_list":["post-5388","post","type-post","status-publish","format-standard","has-post-thumbnail","hentry","category-centro-en-la-prensa"],"featured_image_url":"https:\/\/gobierno.udd.cl\/cpp\/files\/2019\/06\/Graficas_PoliticasPublicas-03.jpg","_links":{"self":[{"href":"https:\/\/gobierno.udd.cl\/cpp\/wp-json\/wp\/v2\/posts\/5388","targetHints":{"allow":["GET"]}}],"collection":[{"href":"https:\/\/gobierno.udd.cl\/cpp\/wp-json\/wp\/v2\/posts"}],"about":[{"href":"https:\/\/gobierno.udd.cl\/cpp\/wp-json\/wp\/v2\/types\/post"}],"replies":[{"embeddable":true,"href":"https:\/\/gobierno.udd.cl\/cpp\/wp-json\/wp\/v2\/comments?post=5388"}],"version-history":[{"count":0,"href":"https:\/\/gobierno.udd.cl\/cpp\/wp-json\/wp\/v2\/posts\/5388\/revisions"}],"wp:featuredmedia":[{"embeddable":true,"href":"https:\/\/gobierno.udd.cl\/cpp\/wp-json\/wp\/v2\/media\/4478"}],"wp:attachment":[{"href":"https:\/\/gobierno.udd.cl\/cpp\/wp-json\/wp\/v2\/media?parent=5388"}],"wp:term":[{"taxonomy":"category","embeddable":true,"href":"https:\/\/gobierno.udd.cl\/cpp\/wp-json\/wp\/v2\/categories?post=5388"},{"taxonomy":"post_tag","embeddable":true,"href":"https:\/\/gobierno.udd.cl\/cpp\/wp-json\/wp\/v2\/tags?post=5388"}],"curies":[{"name":"wp","href":"https:\/\/api.w.org\/{rel}","templated":true}]}}