{"id":5378,"date":"2020-01-03T17:57:09","date_gmt":"2020-01-03T20:57:09","guid":{"rendered":"http:\/\/gobierno.udd.cl\/cpp\/?p=5378"},"modified":"2020-01-03T17:57:09","modified_gmt":"2020-01-03T20:57:09","slug":"entrevista-a-guido-larson-sobre-tension-entre-iran-y-ee-uu-por-bombardeo-en-irak-24-horas","status":"publish","type":"post","link":"https:\/\/gobierno.udd.cl\/cpp\/noticias\/2020\/01\/03\/entrevista-a-guido-larson-sobre-tension-entre-iran-y-ee-uu-por-bombardeo-en-irak-24-horas\/","title":{"rendered":"Entrevista a Guido Larson sobre tensi\u00f3n entre Ir\u00e1n y EE.UU. por bombardeo en Irak &#8211; 24 Horas."},"content":{"rendered":"<p><strong>Habla:<\/strong>\u00a0<span class=\"highlight\">Guido<\/span>\u00a0<span class=\"highlight\">Larson<\/span>, Analista internacional Universidad del Desarrollo.<\/p>\n<div style=\"width: 640px;\" class=\"wp-video\"><video class=\"wp-video-shortcode\" id=\"video-5378-1\" width=\"640\" height=\"360\" preload=\"metadata\" controls=\"controls\"><source type=\"video\/mp4\" src=\"http:\/\/conectamedia.s3.amazonaws.com\/7a68e78fc4498d0b291c23189c354a57.mp4?_=1\" \/><a href=\"http:\/\/conectamedia.s3.amazonaws.com\/7a68e78fc4498d0b291c23189c354a57.mp4\">http:\/\/conectamedia.s3.amazonaws.com\/7a68e78fc4498d0b291c23189c354a57.mp4<\/a><\/video><\/div>\n<p>&nbsp;<\/p>\n","protected":false},"excerpt":{"rendered":"<p>M\u00e1xima tensi\u00f3n a nivel mundial tras la muerte del m\u00e1ximo jefe de las fuerzas armadas iran\u00edes en un ataque ordenado por EE.UU. contra el aeropuerto de Bagdad. <\/p>\n","protected":false},"author":0,"featured_media":4478,"comment_status":"open","ping_status":"open","sticky":false,"template":"","format":"standard","meta":{"footnotes":""},"categories":[10162],"tags":[],"class_list":["post-5378","post","type-post","status-publish","format-standard","has-post-thumbnail","hentry","category-centro-en-la-prensa"],"featured_image_url":"https:\/\/gobierno.udd.cl\/cpp\/files\/2019\/06\/Graficas_PoliticasPublicas-03.jpg","_links":{"self":[{"href":"https:\/\/gobierno.udd.cl\/cpp\/wp-json\/wp\/v2\/posts\/5378","targetHints":{"allow":["GET"]}}],"collection":[{"href":"https:\/\/gobierno.udd.cl\/cpp\/wp-json\/wp\/v2\/posts"}],"about":[{"href":"https:\/\/gobierno.udd.cl\/cpp\/wp-json\/wp\/v2\/types\/post"}],"replies":[{"embeddable":true,"href":"https:\/\/gobierno.udd.cl\/cpp\/wp-json\/wp\/v2\/comments?post=5378"}],"version-history":[{"count":0,"href":"https:\/\/gobierno.udd.cl\/cpp\/wp-json\/wp\/v2\/posts\/5378\/revisions"}],"wp:featuredmedia":[{"embeddable":true,"href":"https:\/\/gobierno.udd.cl\/cpp\/wp-json\/wp\/v2\/media\/4478"}],"wp:attachment":[{"href":"https:\/\/gobierno.udd.cl\/cpp\/wp-json\/wp\/v2\/media?parent=5378"}],"wp:term":[{"taxonomy":"category","embeddable":true,"href":"https:\/\/gobierno.udd.cl\/cpp\/wp-json\/wp\/v2\/categories?post=5378"},{"taxonomy":"post_tag","embeddable":true,"href":"https:\/\/gobierno.udd.cl\/cpp\/wp-json\/wp\/v2\/tags?post=5378"}],"curies":[{"name":"wp","href":"https:\/\/api.w.org\/{rel}","templated":true}]}}