{"id":5360,"date":"2020-01-03T17:22:27","date_gmt":"2020-01-03T20:22:27","guid":{"rendered":"http:\/\/gobierno.udd.cl\/cpp\/?p=5360"},"modified":"2020-01-03T17:22:27","modified_gmt":"2020-01-03T20:22:27","slug":"efectos-inmediatos-por-muerte-de-hombre-clave-en-medio-oriente-radio-biobio","status":"publish","type":"post","link":"https:\/\/gobierno.udd.cl\/cpp\/noticias\/2020\/01\/03\/efectos-inmediatos-por-muerte-de-hombre-clave-en-medio-oriente-radio-biobio\/","title":{"rendered":"Efectos inmediatos por muerte de hombre clave en medio oriente &#8211; Radio Biob\u00edo"},"content":{"rendered":"<p style=\"text-align: justify;\">Habla:\u00a0Alejandra M\u00e1rquez, analista internacional y acad\u00e9mica de Facultad de Ciencias Jur\u00eddicas y Sociales de la Universidad de Talca;\u00a0<strong><span class=\"highlight\">Guido<\/span>\u00a0<span class=\"highlight\">Larson<\/span>, director del Instituto de Humanidades de la Universidad del Desarrollo<\/strong>;\u00a0Joseph Ramos, economista; Juan Carlos Guajardo, economista.<\/p>\n<audio class=\"wp-audio-shortcode\" id=\"audio-5360-1\" preload=\"none\" style=\"width: 100%;\" controls=\"controls\"><source type=\"audio\/mpeg\" src=\"http:\/\/conectamedia.s3.amazonaws.com\/675131908ccaba3849ceceb0d3bcd229.mp3?_=1\" \/><a href=\"http:\/\/conectamedia.s3.amazonaws.com\/675131908ccaba3849ceceb0d3bcd229.mp3\">http:\/\/conectamedia.s3.amazonaws.com\/675131908ccaba3849ceceb0d3bcd229.mp3<\/a><\/audio>\n","protected":false},"excerpt":{"rendered":"<p>La muerte del general iran\u00ed Qasem Soleimani podr\u00eda provocar una nueva desestabilizaci\u00f3n en los mercados internacionales.\u00a0<\/p>\n","protected":false},"author":0,"featured_media":4478,"comment_status":"open","ping_status":"open","sticky":false,"template":"","format":"standard","meta":{"footnotes":""},"categories":[10162],"tags":[],"class_list":["post-5360","post","type-post","status-publish","format-standard","has-post-thumbnail","hentry","category-centro-en-la-prensa"],"featured_image_url":"https:\/\/gobierno.udd.cl\/cpp\/files\/2019\/06\/Graficas_PoliticasPublicas-03.jpg","_links":{"self":[{"href":"https:\/\/gobierno.udd.cl\/cpp\/wp-json\/wp\/v2\/posts\/5360","targetHints":{"allow":["GET"]}}],"collection":[{"href":"https:\/\/gobierno.udd.cl\/cpp\/wp-json\/wp\/v2\/posts"}],"about":[{"href":"https:\/\/gobierno.udd.cl\/cpp\/wp-json\/wp\/v2\/types\/post"}],"replies":[{"embeddable":true,"href":"https:\/\/gobierno.udd.cl\/cpp\/wp-json\/wp\/v2\/comments?post=5360"}],"version-history":[{"count":0,"href":"https:\/\/gobierno.udd.cl\/cpp\/wp-json\/wp\/v2\/posts\/5360\/revisions"}],"wp:featuredmedia":[{"embeddable":true,"href":"https:\/\/gobierno.udd.cl\/cpp\/wp-json\/wp\/v2\/media\/4478"}],"wp:attachment":[{"href":"https:\/\/gobierno.udd.cl\/cpp\/wp-json\/wp\/v2\/media?parent=5360"}],"wp:term":[{"taxonomy":"category","embeddable":true,"href":"https:\/\/gobierno.udd.cl\/cpp\/wp-json\/wp\/v2\/categories?post=5360"},{"taxonomy":"post_tag","embeddable":true,"href":"https:\/\/gobierno.udd.cl\/cpp\/wp-json\/wp\/v2\/tags?post=5360"}],"curies":[{"name":"wp","href":"https:\/\/api.w.org\/{rel}","templated":true}]}}