{"id":5353,"date":"2019-12-26T15:06:18","date_gmt":"2019-12-26T18:06:18","guid":{"rendered":"http:\/\/gobierno.udd.cl\/cpp\/?p=5353"},"modified":"2019-12-26T15:06:18","modified_gmt":"2019-12-26T18:06:18","slug":"entrevista-a-daniel-garcia-y-rodrigo-arellano-sobre-contingencia-pauta","status":"publish","type":"post","link":"https:\/\/gobierno.udd.cl\/cpp\/noticias\/2019\/12\/26\/entrevista-a-daniel-garcia-y-rodrigo-arellano-sobre-contingencia-pauta\/","title":{"rendered":"Entrevista a Daniel Garc\u00eda y Rodrigo Arellano sobre contingencia &#8211; Pauta"},"content":{"rendered":"<p style=\"text-align: justify;\">Los panelistas hablan sobre entrevista que dio el presidente Sebasti\u00e1n Pi\u00f1era sobre intervenci\u00f3n extranjera en la crisis social despu\u00e9s de que se dio a conocer informe Big Data. Adem\u00e1s, comentaron los avances para una nueva constituci\u00f3n.<\/p>\n<p style=\"text-align: justify;\"><strong>Habla:<\/strong>\u00a0Daniel Garc\u00eda, Director ejecutivo de Espacio P\u00fablico;\u00a0<span class=\"highlight\">Rodrigo<\/span>\u00a0<span class=\"highlight\">Arellano<\/span>, <strong>Vicedecano de la Facultad de Gobierno de la\u00a0<span class=\"highlight\">Universidad<\/span>\u00a0<span class=\"highlight\">del<\/span>\u00a0<span class=\"highlight\">Desarrollo.\u00a0<\/span><\/strong><\/p>\n<audio class=\"wp-audio-shortcode\" id=\"audio-5353-1\" preload=\"none\" style=\"width: 100%;\" controls=\"controls\"><source type=\"audio\/mpeg\" src=\"http:\/\/conectamedia.s3.amazonaws.com\/a2f599fa917ac4865a98b077b5663561.mp3?_=1\" \/><a href=\"http:\/\/conectamedia.s3.amazonaws.com\/a2f599fa917ac4865a98b077b5663561.mp3\">http:\/\/conectamedia.s3.amazonaws.com\/a2f599fa917ac4865a98b077b5663561.mp3<\/a><\/audio>\n","protected":false},"excerpt":{"rendered":"<p>Programa \u00abPrimera Pauta\u00bb<br \/>\nJueves 26 de diciembre. <\/p>\n","protected":false},"author":0,"featured_media":4478,"comment_status":"open","ping_status":"open","sticky":false,"template":"","format":"standard","meta":{"footnotes":""},"categories":[10162],"tags":[],"class_list":["post-5353","post","type-post","status-publish","format-standard","has-post-thumbnail","hentry","category-centro-en-la-prensa"],"featured_image_url":"https:\/\/gobierno.udd.cl\/cpp\/files\/2019\/06\/Graficas_PoliticasPublicas-03.jpg","_links":{"self":[{"href":"https:\/\/gobierno.udd.cl\/cpp\/wp-json\/wp\/v2\/posts\/5353","targetHints":{"allow":["GET"]}}],"collection":[{"href":"https:\/\/gobierno.udd.cl\/cpp\/wp-json\/wp\/v2\/posts"}],"about":[{"href":"https:\/\/gobierno.udd.cl\/cpp\/wp-json\/wp\/v2\/types\/post"}],"replies":[{"embeddable":true,"href":"https:\/\/gobierno.udd.cl\/cpp\/wp-json\/wp\/v2\/comments?post=5353"}],"version-history":[{"count":0,"href":"https:\/\/gobierno.udd.cl\/cpp\/wp-json\/wp\/v2\/posts\/5353\/revisions"}],"wp:featuredmedia":[{"embeddable":true,"href":"https:\/\/gobierno.udd.cl\/cpp\/wp-json\/wp\/v2\/media\/4478"}],"wp:attachment":[{"href":"https:\/\/gobierno.udd.cl\/cpp\/wp-json\/wp\/v2\/media?parent=5353"}],"wp:term":[{"taxonomy":"category","embeddable":true,"href":"https:\/\/gobierno.udd.cl\/cpp\/wp-json\/wp\/v2\/categories?post=5353"},{"taxonomy":"post_tag","embeddable":true,"href":"https:\/\/gobierno.udd.cl\/cpp\/wp-json\/wp\/v2\/tags?post=5353"}],"curies":[{"name":"wp","href":"https:\/\/api.w.org\/{rel}","templated":true}]}}