{"id":5349,"date":"2019-12-24T14:54:03","date_gmt":"2019-12-24T17:54:03","guid":{"rendered":"http:\/\/gobierno.udd.cl\/cpp\/?p=5349"},"modified":"2019-12-24T14:54:03","modified_gmt":"2019-12-24T17:54:03","slug":"el-dificil-ano-de-trump-mega-plus","status":"publish","type":"post","link":"https:\/\/gobierno.udd.cl\/cpp\/noticias\/2019\/12\/24\/el-dificil-ano-de-trump-mega-plus\/","title":{"rendered":"El dif\u00edcil a\u00f1o de Trump &#8211; Mega Plus"},"content":{"rendered":"<p>Al t\u00e9rmino de su mandato y se cara a una posible segunda reelecci\u00f3n, el Presidente Donald Trump se ha convertido en el tercer en ocupar el m\u00e1ximo cargo en ser sometido a un juicio de destituci\u00f3n.<\/p>\n<p><strong>Habla:\u00a0<\/strong><span class=\"highlight\">Guido<\/span>\u00a0<span class=\"highlight\">Larson<\/span>, Director del Instituto de Humanidades UDD.<\/p>\n<div style=\"width: 640px;\" class=\"wp-video\"><video class=\"wp-video-shortcode\" id=\"video-5349-1\" width=\"640\" height=\"360\" preload=\"metadata\" controls=\"controls\"><source type=\"video\/mp4\" src=\"http:\/\/conectamedia.s3.amazonaws.com\/59423abe0fd82978d9c5ff65c6be4cf2.mp4?_=1\" \/><a href=\"http:\/\/conectamedia.s3.amazonaws.com\/59423abe0fd82978d9c5ff65c6be4cf2.mp4\">http:\/\/conectamedia.s3.amazonaws.com\/59423abe0fd82978d9c5ff65c6be4cf2.mp4<\/a><\/video><\/div>\n","protected":false},"excerpt":{"rendered":"<p>Martes 24 de diciembre. <\/p>\n","protected":false},"author":0,"featured_media":4478,"comment_status":"open","ping_status":"open","sticky":false,"template":"","format":"standard","meta":{"footnotes":""},"categories":[10162],"tags":[],"class_list":["post-5349","post","type-post","status-publish","format-standard","has-post-thumbnail","hentry","category-centro-en-la-prensa"],"featured_image_url":"https:\/\/gobierno.udd.cl\/cpp\/files\/2019\/06\/Graficas_PoliticasPublicas-03.jpg","_links":{"self":[{"href":"https:\/\/gobierno.udd.cl\/cpp\/wp-json\/wp\/v2\/posts\/5349","targetHints":{"allow":["GET"]}}],"collection":[{"href":"https:\/\/gobierno.udd.cl\/cpp\/wp-json\/wp\/v2\/posts"}],"about":[{"href":"https:\/\/gobierno.udd.cl\/cpp\/wp-json\/wp\/v2\/types\/post"}],"replies":[{"embeddable":true,"href":"https:\/\/gobierno.udd.cl\/cpp\/wp-json\/wp\/v2\/comments?post=5349"}],"version-history":[{"count":0,"href":"https:\/\/gobierno.udd.cl\/cpp\/wp-json\/wp\/v2\/posts\/5349\/revisions"}],"wp:featuredmedia":[{"embeddable":true,"href":"https:\/\/gobierno.udd.cl\/cpp\/wp-json\/wp\/v2\/media\/4478"}],"wp:attachment":[{"href":"https:\/\/gobierno.udd.cl\/cpp\/wp-json\/wp\/v2\/media?parent=5349"}],"wp:term":[{"taxonomy":"category","embeddable":true,"href":"https:\/\/gobierno.udd.cl\/cpp\/wp-json\/wp\/v2\/categories?post=5349"},{"taxonomy":"post_tag","embeddable":true,"href":"https:\/\/gobierno.udd.cl\/cpp\/wp-json\/wp\/v2\/tags?post=5349"}],"curies":[{"name":"wp","href":"https:\/\/api.w.org\/{rel}","templated":true}]}}