{"id":5345,"date":"2019-12-23T14:27:48","date_gmt":"2019-12-23T17:27:48","guid":{"rendered":"http:\/\/gobierno.udd.cl\/cpp\/?p=5345"},"modified":"2019-12-23T14:27:48","modified_gmt":"2019-12-23T17:27:48","slug":"una-nueva-urgencia-para-blumel-orden-en-la-coalicion-la-segunda","status":"publish","type":"post","link":"https:\/\/gobierno.udd.cl\/cpp\/noticias\/2019\/12\/23\/una-nueva-urgencia-para-blumel-orden-en-la-coalicion-la-segunda\/","title":{"rendered":"Una nueva urgencia para Blumel: orden en la coalici\u00f3n &#8211; La Segunda"},"content":{"rendered":"<p style=\"text-align: justify;\">En el patio de los ca\u00f1ones, durante la ceremonia de promulgaci\u00f3n de la reforma constitucional que habilita el plebiscito de abril, las se\u00f1ales de la presidenta de la UDI, Jacqueline van Rysselberghe, dejaron en evidencia al cierre de esta edici\u00f3n el estado de molestia del gremialismo con sus socios de coalici\u00f3n.<\/p>\n<p style=\"text-align: justify;\">Minutos antes se la vio ir camino a las oficinas de la Presidencia. Y aunque en la ma\u00f1ana hab\u00eda dicho que estaba buscando pasajes de avi\u00f3n para viajar desde Concepci\u00f3n, su presencia en La Moneda despej\u00f3 definitivamente las dudas que hab\u00eda de su asistencia al acto.<\/p>\n<p style=\"text-align: justify;\">A\u00fan sin soluci\u00f3n, el congelamiento de la participaci\u00f3n en Chile Vamos que la senadora declar\u00f3 el pasado jueves, ser\u00e1 el tema de la comisi\u00f3n pol\u00edtica de la UDI de esta tarde. Pero tambi\u00e9n, en opini\u00f3n de distintos observadores, se instal\u00f3 como una prioridad a resolver por parte de La Moneda y en particular para el ministro del Interior, Gonzalo Blumel, militante Ev\u00f3poli y uno de los blancos de las cr\u00edticas de la parlamentaria.<\/p>\n<p style=\"text-align: justify;\">Al respecto, el ministro se\u00f1ala a La Segunda: \u201cHoy tenemos dos grandes prioridades. La primera es consolidar la hoja de ruta constitucional y social junto a la recuperaci\u00f3n del orden p\u00fablico, que es condici\u00f3n necesaria para que estos procesos puedan resultar exitosos. El segundo objetivo fundamental para nuestro Gobierno es fortalecer la unidad de la coalici\u00f3n. Chile Vamos ha sido una coalici\u00f3n exitosa cuando ha actuado sobre la base de la unidad, y recuperar esa condici\u00f3n es la tarea fundamental que tenemos por delante\u201d, dice Blumel.<\/p>\n<p style=\"text-align: justify;\"><strong>Urgencia de orden<\/strong><\/p>\n<p style=\"text-align: justify;\">\u201cCuando hay un Gobierno d\u00e9bil es cuando m\u00e1s necesario es que est\u00e9 unida la coalici\u00f3n que lo apoya. Si uno le suma a un Gobierno d\u00e9bil una coalici\u00f3n dividida, entonces el panorama de la centroderecha es malo\u201d, describi\u00f3 esta ma\u00f1ana el senador Andr\u00e9s Allamand (RN) en Radio Duna. Consultado por La Segunda, el parlamentario ahond\u00f3: \u201cEl ministro del Interior tiene dos responsabilidades que no puede eludir ni delegar, que son restaurar el orden p\u00fablico e influir en el buen funcionamiento de Chile Vamos. En lo primero debe tener alta presencia, ya que la gente necesita saber que est\u00e1 al mando; en lo segundo, debe persuadir, ayudar a resolver los problemas, aportar ideas para que los futuros desaf\u00edos se asuman en unidad\u201d.<\/p>\n<p style=\"text-align: justify;\">Y sobre el desempe\u00f1o de Blumel en estas \u00e1reas, respondi\u00f3: \u201cDebe ser mucho m\u00e1s eficaz en ambas\u201d.\u201cCreo que el ministro Blumel tendr\u00e1 que empezar a articular alg\u00fan acercamiento con aquellos que lo cuestionan y que no son solo la UDI, porque tambi\u00e9n se aprecia en RN cierto retraimiento respecto de lo que se est\u00e1 haciendo\u201d, se\u00f1ala\u00a0<strong><span class=\"highlight\">Eugenio<\/span>\u00a0<span class=\"highlight\">Guzm\u00e1n<\/span>, decano de la Facultad de Gobierno\u00a0<span class=\"highlight\">UDD<\/span>.<\/strong><\/p>\n<p style=\"text-align: justify;\">Mientras que Max Colodro, director del Mag\u00edster en Comunicaci\u00f3n Pol\u00edtica UAI, sostiene que el ministro \u201cno est\u00e1 siendo eficaz ni en conducci\u00f3n pol\u00edtica, ni en orden p\u00fablico\u201d.Sobre este segundo punto (ver recuadro) desde el oficialismo han destacado que las cifras el escenario que hoy vive el pa\u00eds no tiene nada que ver con hace 30 d\u00edas, ni menos hace 60; pues desde el 18 de octubre, van 2500 eventos graves, en promedio 45 por d\u00eda, y en las \u00faltimas semanas se han registrado uno, dos o tres por jornada.<\/p>\n<p style=\"text-align: justify;\">Sin embargo, Colodro, cree que la mayor calma que se vive tiene que ver m\u00e1s bien con las celebraciones de fin de a\u00f1o y la proximidad de las vacaciones y que existe un riesgo de que despu\u00e9s de las fiestas la violencia se reactive. De hecho, Tom\u00e1s Duval, analista pol\u00edtico de la U. Aut\u00f3noma, se\u00f1ala que \u201cenero es un mes demasiado pol\u00edtico para que no pase nada. Primero, hay PSU.<\/p>\n<p style=\"text-align: justify;\">Lo segundo, me preocupan los puertos. Es una fecha donde generalmente ha habido conflictos\u201d. A lo cual otros observadores mencionan algo m\u00e1s pr\u00f3ximo: las celebraciones de A\u00f1o Nuevo, como la de Valpara\u00edso. En este contexto, Colodro remarca que \u201clo que no le puede pasar a La Moneda es que la coalici\u00f3n de gobierno termine fractur\u00e1ndose. Porque ya est\u00e1 la sensaci\u00f3n de un Presidente con mucha debilidad y lo m\u00ednimo que necesita el Gobierno es una coalici\u00f3n relativamente ordenada\u201d.<\/p>\n<p style=\"text-align: justify;\">Colodro profundiza que el Gobierno \u201cha logrado tener conducci\u00f3n en s\u00ed mismo, pero est\u00e1 debilitando fuertemente la unidad de la alianza de gobierno\u201d, en el sentido de que la UDI reclama que es el \u00fanico partido que paga los costos \u2014al acceder a un cambio de Constituci\u00f3n, la inhabilitaci\u00f3n por cinco a\u00f1os de Andr\u00e9s Chadwick y la votaci\u00f3n sobre las cuotas asociadas a la reforma constitucional\u2014 mientras sus socios act\u00faan con libertad, adem\u00e1s apoyados en que las dos principales carteras, Interior y Hacienda, son Ev\u00f3poli. \u201cY el remate de este escenario que se abri\u00f3 el viernes con la molestia UDI, es constatar que esto le est\u00e1 rindiendo en t\u00e9rminos pol\u00edticos en la Cadem a Mario Desbordes, como el segundo mejor evaluado y la senadora Van Rysselberghe como la peor evaluada\u201d, se\u00f1ala.<\/p>\n<p style=\"text-align: justify;\">Sobre Blumel, Colodro dice que \u201cdebi\u00f3 haber priorizado en el actual escenario una mayor coordinaci\u00f3n con los distintos partidos de la coalici\u00f3n de gobierno y no haberse arriesgado a un escenario de esta naturaleza\u201d.Cambio de gui\u00f3n \u201cLa situaci\u00f3n del Gobierno es muy delicada, veo buenas intenciones en algunos ministros, pero mientras el Presidente siga el gui\u00f3n de Cristi\u00e1n Larroulet de no hacer reformas sociales estructurales, no habr\u00e1 posibilidad de que el comit\u00e9 pol\u00edtico sintonice con lo que ocurre. En ese escenario este ser\u00e1 un gabinete de transici\u00f3n ya que el propio oficialismo est\u00e1 desordenado\u201d, afirma el senador Felipe Harboe (PPD).<\/p>\n<p style=\"text-align: justify;\">Sobre las relaciones de la coalici\u00f3n, el legislador acota que \u201csi a eso se suma que pertenece a un partido peque\u00f1o de derecha, se hace blanco f\u00e1cil del fuego amigo\u201d.Jaime Quintana (PPD), presidente del Senado, se\u00f1ala que \u201cuno de los pocos aciertos de La Moneda ha sido el cambio de gabinete, aunque debi\u00f3 haber sido m\u00e1s profundo\u201d, destaca el \u201ccambio de todo\u201d y que \u201ccon Blumel se puede dialogar\u201d.<\/p>\n<p style=\"text-align: justify;\">Pero tambi\u00e9n sostiene que \u201ceste gabinete no puede seguir tal cual en marzo. Se puede mejorar la coordinaci\u00f3n y la conducci\u00f3n\u201d y que el comit\u00e9 pol\u00edtico actual \u201cdebe ser expl\u00edcito en readecuar las tareas de gobierno al nuevo Chile post estallido\u201d. Al respecto, el diputado Mat\u00edas Walker (DC), presidente de la comisi\u00f3n de Constituci\u00f3n de la C\u00e1mara, afirma que \u201cel Presidente tiene que darle m\u00e1s protagonismo a esta suerte de primer ministro.<\/p>\n<p style=\"text-align: justify;\">El problema de que a este primer ministro, la UDI lo tiene amenazado por todos lados, porque est\u00e1n muy dolidos por la salida de Chadwick. Pero el gobierno tiene que darse cuenta de que la \u00fanica forma de empezar a salir de esta crisis es con cambios estructurales educaci\u00f3n y salud. Para eso tiene que empoderar al cuarteto que conforma Blumel, Rubilar, Briones y Zald\u00edvar. Creo que est\u00e1n con freno de mano\u201d.<\/p>\n<p><a href=\"https:\/\/gobierno.udd.cl\/files\/2020\/01\/2019-12-23_233nuq5s.jpg\"><img loading=\"lazy\" decoding=\"async\" class=\"size-medium wp-image-23831 aligncenter\" src=\"https:\/\/gobierno.udd.cl\/files\/2020\/01\/2019-12-23_233nuq5s-231x300.jpg\" alt=\"\" width=\"231\" height=\"300\" \/><\/a><\/p>\n","protected":false},"excerpt":{"rendered":"<p>\u201cChile Vamos ha sido una coalici\u00f3n exitosa cuando ha actuado sobre la base de la unidad. Recuperar esa condici\u00f3n es la tarea fundamental que tenemos por delante\u201d, dice el ministro.<\/p>\n","protected":false},"author":0,"featured_media":4478,"comment_status":"open","ping_status":"open","sticky":false,"template":"","format":"standard","meta":{"footnotes":""},"categories":[10162],"tags":[],"class_list":["post-5345","post","type-post","status-publish","format-standard","has-post-thumbnail","hentry","category-centro-en-la-prensa"],"featured_image_url":"https:\/\/gobierno.udd.cl\/cpp\/files\/2019\/06\/Graficas_PoliticasPublicas-03.jpg","_links":{"self":[{"href":"https:\/\/gobierno.udd.cl\/cpp\/wp-json\/wp\/v2\/posts\/5345","targetHints":{"allow":["GET"]}}],"collection":[{"href":"https:\/\/gobierno.udd.cl\/cpp\/wp-json\/wp\/v2\/posts"}],"about":[{"href":"https:\/\/gobierno.udd.cl\/cpp\/wp-json\/wp\/v2\/types\/post"}],"replies":[{"embeddable":true,"href":"https:\/\/gobierno.udd.cl\/cpp\/wp-json\/wp\/v2\/comments?post=5345"}],"version-history":[{"count":0,"href":"https:\/\/gobierno.udd.cl\/cpp\/wp-json\/wp\/v2\/posts\/5345\/revisions"}],"wp:featuredmedia":[{"embeddable":true,"href":"https:\/\/gobierno.udd.cl\/cpp\/wp-json\/wp\/v2\/media\/4478"}],"wp:attachment":[{"href":"https:\/\/gobierno.udd.cl\/cpp\/wp-json\/wp\/v2\/media?parent=5345"}],"wp:term":[{"taxonomy":"category","embeddable":true,"href":"https:\/\/gobierno.udd.cl\/cpp\/wp-json\/wp\/v2\/categories?post=5345"},{"taxonomy":"post_tag","embeddable":true,"href":"https:\/\/gobierno.udd.cl\/cpp\/wp-json\/wp\/v2\/tags?post=5345"}],"curies":[{"name":"wp","href":"https:\/\/api.w.org\/{rel}","templated":true}]}}