{"id":5334,"date":"2019-12-20T17:14:26","date_gmt":"2019-12-20T20:14:26","guid":{"rendered":"http:\/\/gobierno.udd.cl\/cpp\/?p=5334"},"modified":"2019-12-20T17:14:26","modified_gmt":"2019-12-20T20:14:26","slug":"voto-obligatorio-avanza-en-el-congreso-mega","status":"publish","type":"post","link":"https:\/\/gobierno.udd.cl\/cpp\/noticias\/2019\/12\/20\/voto-obligatorio-avanza-en-el-congreso-mega\/","title":{"rendered":"Voto obligatorio avanza en el Congreso &#8211; Mega"},"content":{"rendered":"<p style=\"text-align: justify;\">El proyecto avanza en la C\u00e1mara de Diputados y el objetivo de la oposici\u00f3n es que comience a regir en el plebiscito de abril.<\/p>\n<p style=\"text-align: justify;\"><strong>Habla:<\/strong> Diputada Joanna P\u00e9rez, Presidenta Comisi\u00f3n de Gobierno de la C\u00e1mara de Diputados; Jorge Alessandri, diputado UDI; Mauricio Morales, Cientista Pol\u00edtico U. de Talca;\u00a0<span class=\"highlight\">Eugenio<\/span>\u00a0<span class=\"highlight\">Guzm\u00e1n<\/span>, Cientista Pol\u00edtico\u00a0<span class=\"highlight\">UDD.\u00a0<\/span><\/p>\n<div style=\"width: 640px;\" class=\"wp-video\"><video class=\"wp-video-shortcode\" id=\"video-5334-1\" width=\"640\" height=\"360\" preload=\"metadata\" controls=\"controls\"><source type=\"video\/mp4\" src=\"http:\/\/conectamedia.s3.amazonaws.com\/5e3435ff15ed42ae9468e8c72b07c460.mp4?_=1\" \/><a href=\"http:\/\/conectamedia.s3.amazonaws.com\/5e3435ff15ed42ae9468e8c72b07c460.mp4\">http:\/\/conectamedia.s3.amazonaws.com\/5e3435ff15ed42ae9468e8c72b07c460.mp4<\/a><\/video><\/div>\n","protected":false},"excerpt":{"rendered":"<p>El proyecto avanza en la C\u00e1mara de Diputados y el objetivo de la oposici\u00f3n es que comience a regir en el plebiscito de abril. Habla: Diputada Joanna P\u00e9rez, Presidenta Comisi\u00f3n de Gobierno de la C\u00e1mara de Diputados; Jorge Alessandri, diputado UDI; Mauricio Morales, Cientista Pol\u00edtico U. de Talca;\u00a0Eugenio\u00a0Guzm\u00e1n, Cientista Pol\u00edtico\u00a0UDD.\u00a0<\/p>\n","protected":false},"author":0,"featured_media":4478,"comment_status":"open","ping_status":"open","sticky":false,"template":"","format":"standard","meta":{"footnotes":""},"categories":[10162],"tags":[],"class_list":["post-5334","post","type-post","status-publish","format-standard","has-post-thumbnail","hentry","category-centro-en-la-prensa"],"featured_image_url":"https:\/\/gobierno.udd.cl\/cpp\/files\/2019\/06\/Graficas_PoliticasPublicas-03.jpg","_links":{"self":[{"href":"https:\/\/gobierno.udd.cl\/cpp\/wp-json\/wp\/v2\/posts\/5334","targetHints":{"allow":["GET"]}}],"collection":[{"href":"https:\/\/gobierno.udd.cl\/cpp\/wp-json\/wp\/v2\/posts"}],"about":[{"href":"https:\/\/gobierno.udd.cl\/cpp\/wp-json\/wp\/v2\/types\/post"}],"replies":[{"embeddable":true,"href":"https:\/\/gobierno.udd.cl\/cpp\/wp-json\/wp\/v2\/comments?post=5334"}],"version-history":[{"count":0,"href":"https:\/\/gobierno.udd.cl\/cpp\/wp-json\/wp\/v2\/posts\/5334\/revisions"}],"wp:featuredmedia":[{"embeddable":true,"href":"https:\/\/gobierno.udd.cl\/cpp\/wp-json\/wp\/v2\/media\/4478"}],"wp:attachment":[{"href":"https:\/\/gobierno.udd.cl\/cpp\/wp-json\/wp\/v2\/media?parent=5334"}],"wp:term":[{"taxonomy":"category","embeddable":true,"href":"https:\/\/gobierno.udd.cl\/cpp\/wp-json\/wp\/v2\/categories?post=5334"},{"taxonomy":"post_tag","embeddable":true,"href":"https:\/\/gobierno.udd.cl\/cpp\/wp-json\/wp\/v2\/tags?post=5334"}],"curies":[{"name":"wp","href":"https:\/\/api.w.org\/{rel}","templated":true}]}}