{"id":5328,"date":"2019-12-16T17:04:38","date_gmt":"2019-12-16T20:04:38","guid":{"rendered":"http:\/\/gobierno.udd.cl\/cpp\/?p=5328"},"modified":"2019-12-16T17:04:38","modified_gmt":"2019-12-16T20:04:38","slug":"conexion-tele13-tele13-radio","status":"publish","type":"post","link":"https:\/\/gobierno.udd.cl\/cpp\/noticias\/2019\/12\/16\/conexion-tele13-tele13-radio\/","title":{"rendered":"Conexi\u00f3n Tele13 &#8211; Tele13 Radio"},"content":{"rendered":"<h3>Balance de consulta ciudadana de municipios<\/h3>\n<audio class=\"wp-audio-shortcode\" id=\"audio-5328-1\" preload=\"none\" style=\"width: 100%;\" controls=\"controls\"><source type=\"audio\/mpeg\" src=\"http:\/\/conectamedia.s3.amazonaws.com\/18f34ce3fc380dbf120845d44eac2f58.mp3?_=1\" \/><a href=\"http:\/\/conectamedia.s3.amazonaws.com\/18f34ce3fc380dbf120845d44eac2f58.mp3\">http:\/\/conectamedia.s3.amazonaws.com\/18f34ce3fc380dbf120845d44eac2f58.mp3<\/a><\/audio>\n<h3>Desempe\u00f1o de Chile en COP25<\/h3>\n<audio class=\"wp-audio-shortcode\" id=\"audio-5328-2\" preload=\"none\" style=\"width: 100%;\" controls=\"controls\"><source type=\"audio\/mpeg\" src=\"http:\/\/conectamedia.s3.amazonaws.com\/4ee683aef16273b4e9e72e96e0bcf083.mp3?_=2\" \/><a href=\"http:\/\/conectamedia.s3.amazonaws.com\/4ee683aef16273b4e9e72e96e0bcf083.mp3\">http:\/\/conectamedia.s3.amazonaws.com\/4ee683aef16273b4e9e72e96e0bcf083.mp3<\/a><\/audio>\n<p>&nbsp;<\/p>\n","protected":false},"excerpt":{"rendered":"<p>Lunes 16 de diciembre.<br \/>\nHabla: Gonzalo M\u00fcller, Director Centro de Pol\u00edticas P\u00fablicas UDD. <\/p>\n","protected":false},"author":0,"featured_media":4478,"comment_status":"open","ping_status":"open","sticky":false,"template":"","format":"standard","meta":{"footnotes":""},"categories":[10162],"tags":[],"class_list":["post-5328","post","type-post","status-publish","format-standard","has-post-thumbnail","hentry","category-centro-en-la-prensa"],"featured_image_url":"https:\/\/gobierno.udd.cl\/cpp\/files\/2019\/06\/Graficas_PoliticasPublicas-03.jpg","_links":{"self":[{"href":"https:\/\/gobierno.udd.cl\/cpp\/wp-json\/wp\/v2\/posts\/5328","targetHints":{"allow":["GET"]}}],"collection":[{"href":"https:\/\/gobierno.udd.cl\/cpp\/wp-json\/wp\/v2\/posts"}],"about":[{"href":"https:\/\/gobierno.udd.cl\/cpp\/wp-json\/wp\/v2\/types\/post"}],"replies":[{"embeddable":true,"href":"https:\/\/gobierno.udd.cl\/cpp\/wp-json\/wp\/v2\/comments?post=5328"}],"version-history":[{"count":0,"href":"https:\/\/gobierno.udd.cl\/cpp\/wp-json\/wp\/v2\/posts\/5328\/revisions"}],"wp:featuredmedia":[{"embeddable":true,"href":"https:\/\/gobierno.udd.cl\/cpp\/wp-json\/wp\/v2\/media\/4478"}],"wp:attachment":[{"href":"https:\/\/gobierno.udd.cl\/cpp\/wp-json\/wp\/v2\/media?parent=5328"}],"wp:term":[{"taxonomy":"category","embeddable":true,"href":"https:\/\/gobierno.udd.cl\/cpp\/wp-json\/wp\/v2\/categories?post=5328"},{"taxonomy":"post_tag","embeddable":true,"href":"https:\/\/gobierno.udd.cl\/cpp\/wp-json\/wp\/v2\/tags?post=5328"}],"curies":[{"name":"wp","href":"https:\/\/api.w.org\/{rel}","templated":true}]}}