{"id":5306,"date":"2019-12-23T12:44:21","date_gmt":"2019-12-23T15:44:21","guid":{"rendered":"http:\/\/gobierno.udd.cl\/cpp\/?p=5306"},"modified":"2019-12-23T12:44:21","modified_gmt":"2019-12-23T15:44:21","slug":"udd-65-preferiria-postular-directamente-a-los-colegios-en-vez-de-hacerlo-con-el-sae-el-mercurio","status":"publish","type":"post","link":"https:\/\/gobierno.udd.cl\/cpp\/noticias\/2019\/12\/23\/udd-65-preferiria-postular-directamente-a-los-colegios-en-vez-de-hacerlo-con-el-sae-el-mercurio\/","title":{"rendered":"UDD: 65% preferir\u00eda postular directamente a los colegios en vez de hacerlo con el SAE &#8211; El Mercurio"},"content":{"rendered":"<p style=\"text-align: justify;\">Sorteos, orden de llegada y pruebas eran algunos de los principales m\u00e9todos para acceder a un cupo en un colegio, hasta hace no muchos a\u00f1os. Todo cambi\u00f3 con la llegada del Sistema de Admisi\u00f3n Escolar (SAE), creado con la Ley de Inclusi\u00f3n y que desde 2016 introdujo un mecanismo centralizado para asignar las vacantes a los alumnos.<\/p>\n<p style=\"text-align: justify;\">El sistema virtual, que opera desde 2016, canaliza las postulaciones de los apoderados. Cuando un colegio tiene m\u00e1s solicitudes que cupos, las vacantes son asignadas mediante un algoritmo que realiza un ordenamiento aleatorio de los postulantes, pero con criterios de priorizaci\u00f3n. Por ejemplo, un factor que se considera es si el ni\u00f1o tiene otros hermanos en el mismo establecimiento.<\/p>\n<p style=\"text-align: justify;\">Una encuesta realizada por el Panel Ciudadano de la\u00a0<span class=\"highlight\">U<\/span>.\u00a0<span class=\"highlight\">del<\/span>\u00a0<span class=\"highlight\">Desarrollo<\/span>\u00a0\u2014aplicada este mes en la Regi\u00f3n Metropolitana, v\u00eda online y con una tasa de respuesta de 867 casos\u2014 detect\u00f3 que el 65% de los encuestados preferir\u00eda postular en la forma en que se hac\u00eda antes.<\/p>\n<p style=\"text-align: justify;\">Entre quienes participaron del sondeo, 16% declar\u00f3 haber utilizado el SAE. Este a\u00f1o es, eso s\u00ed, el primero del sistema en la capital y solo se aplic\u00f3 para el ingreso a prek\u00ednder, k\u00ednder, 1\u00ba y 7\u00ba b\u00e1sico, y 1\u00ba medio.<\/p>\n<p style=\"text-align: justify;\">\u201cEn muchos temas hay parlamentarios que hablan y votan atribuy\u00e9ndose lo que la gente quiere, sin siquiera escucharla en los debates. Eso ocurri\u00f3 con la Ley de Inclusi\u00f3n\u201d, comenta la ministra de Educaci\u00f3n, Marcela Cubillos, frente al resultado de la encuesta. \u201c(Los apoderados) son los usuarios del sistema de admisi\u00f3n, por tanto, parece razonable que puedan elegir qu\u00e9 sistema les parece mejor\u201d, a\u00f1ade.<\/p>\n<p style=\"text-align: justify;\">El estudio tambi\u00e9n detect\u00f3 que, frente a una situaci\u00f3n de mayor demanda que vacantes disponibles, en un colegio de alta exigencia, 72% consider\u00f3 que los cupos podr\u00edan asignarse a trav\u00e9s de criterios que tomen en cuenta el rendimiento acad\u00e9mico de los postulantes.<\/p>\n<p style=\"text-align: justify;\">El Ejecutivo trat\u00f3 de incorporar este elemento al SAE mediante uno de los proyectos de Admisi\u00f3n Justa. Sin embargo, fue rechazado en el Parlamento.<\/p>\n<p style=\"text-align: justify;\">Ante el contraste entre la suerte que corri\u00f3 la iniciativa en el Congreso y la postura ciudadana que muestra la encuesta, Cubillos afirma que los padres no fueron escuchados. \u201cEl tema del reconocimiento del m\u00e9rito y esfuerzo en la clase media y sectores m\u00e1s vulnerables es un tema que la izquierda no solo rechaza, sino que adem\u00e1s le incomoda su debate. Los padres entienden que solo se puede cambiar por ley, y si la izquierda en el Congreso mantiene el bloqueo en este tema, me imagino que ser\u00e1 importante para ellos al momento de decidir a qui\u00e9n eligen para que los represente en la pr\u00f3xima elecci\u00f3n parlamentaria\u201d, se\u00f1ala.<\/p>\n<p style=\"text-align: justify;\"><strong>Preguntas<\/strong><\/p>\n<p style=\"text-align: justify;\">El ministerio est\u00e1 realizando cabildos con apoderados y una consulta online sobre el SAE. Han participado unas 12 mil personas, y en marzo se dar\u00edan a conocer propuestas en base a esto. Se propondr\u00e1n, seg\u00fan Cubillos, \u201cpol\u00edticas p\u00fablicas al respecto que pueden, por supuesto, incluir reformas legales\u201d.<\/p>\n<p style=\"text-align: justify;\">Gonzalo Mu\u00f1oz, acad\u00e9mico de la U. Diego Portales, se\u00f1ala que la encuesta \u201cconfirma lo que ya sabemos hace un tiempo. Lo interesante ser\u00e1 conocer qu\u00e9 ocurre en el futuro con estas percepciones, dado que los resultados objetivos del SAE est\u00e1n siendo muy favorables para la gran mayor\u00eda de las familias\u201d.<\/p>\n<p style=\"text-align: justify;\">La coordinadora del Programa Social de Libertad y Desarrollo, Mar\u00eda Paz Arzola, considera que los datos muestran que \u201cla gente no estaba tan disconforme o molesta con los procesos antiguos\u201d. En ese sentido, apunta que durante la discusi\u00f3n legislativa \u201cse instal\u00f3 un diagn\u00f3stico respecto de que los procesos (de admisi\u00f3n) eran altamente selectivos y discriminatorios (\u2026). Si uno vuelve a ese momento, la verdad es que no hab\u00eda evidencia concluyente que dijera, efectivamente, que esto ocurr\u00eda de manera masiva\u201d.<\/p>\n<p style=\"text-align: justify;\"><strong>Clases y clima escolar<\/strong><\/p>\n<p style=\"text-align: justify;\">Panel Ciudadano tambi\u00e9n indag\u00f3 en las prioridades de los padres a la hora de elegir un colegio. La mayor\u00eda se mostr\u00f3 m\u00e1s propenso a priorizar un establecimiento sin paros o tomas, incluso si estaba m\u00e1s lejos del hogar. Seg\u00fan Arzola, esto prueba que las decisiones familiares se toman en base a m\u00faltiples factores y que, por lo tanto, es conveniente que el sistema de admisi\u00f3n incorpore la mayor cantidad de criterios posibles.<\/p>\n<p><a href=\"https:\/\/gobierno.udd.cl\/files\/2019\/12\/2019-12-23_ef3nf3gu.jpg\"><img loading=\"lazy\" decoding=\"async\" class=\"size-medium wp-image-23769 aligncenter\" src=\"https:\/\/gobierno.udd.cl\/files\/2019\/12\/2019-12-23_ef3nf3gu-160x300.jpg\" alt=\"\" width=\"160\" height=\"300\" \/><\/a><\/p>\n","protected":false},"excerpt":{"rendered":"<p>El Mineduc analiza el tema con apoderados, a trav\u00e9s de cabildos y una consulta online . En marzo se presentar\u00edan propuestas que podr\u00edan incluir reformas legales.<\/p>\n","protected":false},"author":0,"featured_media":4478,"comment_status":"open","ping_status":"open","sticky":false,"template":"","format":"standard","meta":{"footnotes":""},"categories":[10162],"tags":[],"class_list":["post-5306","post","type-post","status-publish","format-standard","has-post-thumbnail","hentry","category-centro-en-la-prensa"],"featured_image_url":"https:\/\/gobierno.udd.cl\/cpp\/files\/2019\/06\/Graficas_PoliticasPublicas-03.jpg","_links":{"self":[{"href":"https:\/\/gobierno.udd.cl\/cpp\/wp-json\/wp\/v2\/posts\/5306","targetHints":{"allow":["GET"]}}],"collection":[{"href":"https:\/\/gobierno.udd.cl\/cpp\/wp-json\/wp\/v2\/posts"}],"about":[{"href":"https:\/\/gobierno.udd.cl\/cpp\/wp-json\/wp\/v2\/types\/post"}],"replies":[{"embeddable":true,"href":"https:\/\/gobierno.udd.cl\/cpp\/wp-json\/wp\/v2\/comments?post=5306"}],"version-history":[{"count":0,"href":"https:\/\/gobierno.udd.cl\/cpp\/wp-json\/wp\/v2\/posts\/5306\/revisions"}],"wp:featuredmedia":[{"embeddable":true,"href":"https:\/\/gobierno.udd.cl\/cpp\/wp-json\/wp\/v2\/media\/4478"}],"wp:attachment":[{"href":"https:\/\/gobierno.udd.cl\/cpp\/wp-json\/wp\/v2\/media?parent=5306"}],"wp:term":[{"taxonomy":"category","embeddable":true,"href":"https:\/\/gobierno.udd.cl\/cpp\/wp-json\/wp\/v2\/categories?post=5306"},{"taxonomy":"post_tag","embeddable":true,"href":"https:\/\/gobierno.udd.cl\/cpp\/wp-json\/wp\/v2\/tags?post=5306"}],"curies":[{"name":"wp","href":"https:\/\/api.w.org\/{rel}","templated":true}]}}