{"id":5290,"date":"2019-12-09T17:08:25","date_gmt":"2019-12-09T20:08:25","guid":{"rendered":"http:\/\/gobierno.udd.cl\/cpp\/?p=5290"},"modified":"2019-12-09T17:08:25","modified_gmt":"2019-12-09T20:08:25","slug":"el-camino-al-cambio-constitucional-mega-plus","status":"publish","type":"post","link":"https:\/\/gobierno.udd.cl\/cpp\/noticias\/2019\/12\/09\/el-camino-al-cambio-constitucional-mega-plus\/","title":{"rendered":"El camino al cambio constitucional &#8211; Mega Plus"},"content":{"rendered":"<p style=\"text-align: justify;\">En un acuerdo entre los partidos pol\u00edticos oficialistas y de oposici\u00f3n se anunci\u00f3 la derogaci\u00f3n de la actual carta magna y la f\u00f3rmula para redactar la nueva carta fundamental. Sin embargo, a\u00fan hay dudas sobre el v\u00ednculo entre representaci\u00f3n y de las demandas sociales en la nueva constituci\u00f3n.<\/p>\n<p style=\"text-align: justify;\"><strong>Habla<\/strong>: Eugenio Guzm\u00e1n, Decano Facultad de Gobierno.<\/p>\n<div style=\"width: 640px;\" class=\"wp-video\"><video class=\"wp-video-shortcode\" id=\"video-5290-1\" width=\"640\" height=\"360\" preload=\"metadata\" controls=\"controls\"><source type=\"video\/mp4\" src=\"http:\/\/conectamedia.s3.amazonaws.com\/9a06a8e7162fe33be32ff92bd6cc8030.mp4?_=1\" \/><a href=\"http:\/\/conectamedia.s3.amazonaws.com\/9a06a8e7162fe33be32ff92bd6cc8030.mp4\">http:\/\/conectamedia.s3.amazonaws.com\/9a06a8e7162fe33be32ff92bd6cc8030.mp4<\/a><\/video><\/div>\n","protected":false},"excerpt":{"rendered":"<p>En un acuerdo entre los partidos pol\u00edticos oficialistas y de oposici\u00f3n se anunci\u00f3 la derogaci\u00f3n de la actual carta magna y la f\u00f3rmula para redactar la nueva carta fundamental. Sin embargo, a\u00fan hay dudas sobre el v\u00ednculo entre representaci\u00f3n y de las demandas sociales en la nueva constituci\u00f3n. Habla: Eugenio Guzm\u00e1n, Decano Facultad de Gobierno.<\/p>\n","protected":false},"author":0,"featured_media":4478,"comment_status":"open","ping_status":"open","sticky":false,"template":"","format":"standard","meta":{"footnotes":""},"categories":[10162],"tags":[],"class_list":["post-5290","post","type-post","status-publish","format-standard","has-post-thumbnail","hentry","category-centro-en-la-prensa"],"featured_image_url":"https:\/\/gobierno.udd.cl\/cpp\/files\/2019\/06\/Graficas_PoliticasPublicas-03.jpg","_links":{"self":[{"href":"https:\/\/gobierno.udd.cl\/cpp\/wp-json\/wp\/v2\/posts\/5290","targetHints":{"allow":["GET"]}}],"collection":[{"href":"https:\/\/gobierno.udd.cl\/cpp\/wp-json\/wp\/v2\/posts"}],"about":[{"href":"https:\/\/gobierno.udd.cl\/cpp\/wp-json\/wp\/v2\/types\/post"}],"replies":[{"embeddable":true,"href":"https:\/\/gobierno.udd.cl\/cpp\/wp-json\/wp\/v2\/comments?post=5290"}],"version-history":[{"count":0,"href":"https:\/\/gobierno.udd.cl\/cpp\/wp-json\/wp\/v2\/posts\/5290\/revisions"}],"wp:featuredmedia":[{"embeddable":true,"href":"https:\/\/gobierno.udd.cl\/cpp\/wp-json\/wp\/v2\/media\/4478"}],"wp:attachment":[{"href":"https:\/\/gobierno.udd.cl\/cpp\/wp-json\/wp\/v2\/media?parent=5290"}],"wp:term":[{"taxonomy":"category","embeddable":true,"href":"https:\/\/gobierno.udd.cl\/cpp\/wp-json\/wp\/v2\/categories?post=5290"},{"taxonomy":"post_tag","embeddable":true,"href":"https:\/\/gobierno.udd.cl\/cpp\/wp-json\/wp\/v2\/tags?post=5290"}],"curies":[{"name":"wp","href":"https:\/\/api.w.org\/{rel}","templated":true}]}}