{"id":5274,"date":"2019-11-26T16:55:27","date_gmt":"2019-11-26T19:55:27","guid":{"rendered":"http:\/\/gobierno.udd.cl\/cpp\/?p=5274"},"modified":"2019-11-26T16:55:27","modified_gmt":"2019-11-26T19:55:27","slug":"entrevista-a-daniel-garcia-y-rodrigo-arellano-sobre-contingencia-radio-pauta","status":"publish","type":"post","link":"https:\/\/gobierno.udd.cl\/cpp\/noticias\/2019\/11\/26\/entrevista-a-daniel-garcia-y-rodrigo-arellano-sobre-contingencia-radio-pauta\/","title":{"rendered":"Entrevista a Daniel Garc\u00eda y Rodrigo Arellano sobre contingencia &#8211; Radio Pauta"},"content":{"rendered":"<p style=\"text-align: justify;\">Los panelistas se refieren al proceso constituyente sin acuerdo entre el oficialismo y la oposici\u00f3n, adem\u00e1s comentan proyecto que pone a Fuerzas Armadas en espacios cr\u00edticos para resguardar estos lugares. Daniel Garc\u00eda expresa que no lo calificar\u00eda de entrampado, sino lo que se est\u00e1 haciendo los partidos pol\u00edticos y parlamentarios en general es lo que corresponde, que es darle una bajada a este acuerdo que requiere de harto desarrollo<\/p>\n<p style=\"text-align: justify;\"><strong>Habla<\/strong>:\u00a0Daniel Garc\u00eda, Director Ejecutivo de Espacio P\u00fablico;\u00a0<span class=\"highlight\">Rodrigo<\/span>\u00a0<span class=\"highlight\">Arellano<\/span>, Vicedecano de la facultad de Gobierno de la\u00a0<span class=\"highlight\">Universidad<\/span>\u00a0<span class=\"highlight\">del<\/span>\u00a0<span class=\"highlight\">Desarrollo.<\/span><\/p>\n<audio class=\"wp-audio-shortcode\" id=\"audio-5274-1\" preload=\"none\" style=\"width: 100%;\" controls=\"controls\"><source type=\"audio\/mpeg\" src=\"http:\/\/conectamedia.s3.amazonaws.com\/64edbb6c2bfea604d4665bd16e3406fa.mp3?_=1\" \/><a href=\"http:\/\/conectamedia.s3.amazonaws.com\/64edbb6c2bfea604d4665bd16e3406fa.mp3\">http:\/\/conectamedia.s3.amazonaws.com\/64edbb6c2bfea604d4665bd16e3406fa.mp3<\/a><\/audio>\n","protected":false},"excerpt":{"rendered":"<p>Los panelistas se refieren al proceso constituyente sin acuerdo entre el oficialismo y la oposici\u00f3n, adem\u00e1s comentan proyecto que pone a Fuerzas Armadas en espacios cr\u00edticos para resguardar estos lugares. Daniel Garc\u00eda expresa que no lo calificar\u00eda de entrampado, sino lo que se est\u00e1 haciendo los partidos pol\u00edticos y parlamentarios en general es lo que [&hellip;]<\/p>\n","protected":false},"author":0,"featured_media":4478,"comment_status":"open","ping_status":"open","sticky":false,"template":"","format":"standard","meta":{"footnotes":""},"categories":[10162],"tags":[],"class_list":["post-5274","post","type-post","status-publish","format-standard","has-post-thumbnail","hentry","category-centro-en-la-prensa"],"featured_image_url":"https:\/\/gobierno.udd.cl\/cpp\/files\/2019\/06\/Graficas_PoliticasPublicas-03.jpg","_links":{"self":[{"href":"https:\/\/gobierno.udd.cl\/cpp\/wp-json\/wp\/v2\/posts\/5274","targetHints":{"allow":["GET"]}}],"collection":[{"href":"https:\/\/gobierno.udd.cl\/cpp\/wp-json\/wp\/v2\/posts"}],"about":[{"href":"https:\/\/gobierno.udd.cl\/cpp\/wp-json\/wp\/v2\/types\/post"}],"replies":[{"embeddable":true,"href":"https:\/\/gobierno.udd.cl\/cpp\/wp-json\/wp\/v2\/comments?post=5274"}],"version-history":[{"count":0,"href":"https:\/\/gobierno.udd.cl\/cpp\/wp-json\/wp\/v2\/posts\/5274\/revisions"}],"wp:featuredmedia":[{"embeddable":true,"href":"https:\/\/gobierno.udd.cl\/cpp\/wp-json\/wp\/v2\/media\/4478"}],"wp:attachment":[{"href":"https:\/\/gobierno.udd.cl\/cpp\/wp-json\/wp\/v2\/media?parent=5274"}],"wp:term":[{"taxonomy":"category","embeddable":true,"href":"https:\/\/gobierno.udd.cl\/cpp\/wp-json\/wp\/v2\/categories?post=5274"},{"taxonomy":"post_tag","embeddable":true,"href":"https:\/\/gobierno.udd.cl\/cpp\/wp-json\/wp\/v2\/tags?post=5274"}],"curies":[{"name":"wp","href":"https:\/\/api.w.org\/{rel}","templated":true}]}}