{"id":5272,"date":"2019-11-26T16:46:48","date_gmt":"2019-11-26T19:46:48","guid":{"rendered":"http:\/\/gobierno.udd.cl\/cpp\/?p=5272"},"modified":"2019-11-26T16:46:48","modified_gmt":"2019-11-26T19:46:48","slug":"programa-el-primer-cafe-radio-cooperativa-2","status":"publish","type":"post","link":"https:\/\/gobierno.udd.cl\/cpp\/noticias\/2019\/11\/26\/programa-el-primer-cafe-radio-cooperativa-2\/","title":{"rendered":"Programa El primer Caf\u00e9 &#8211; Radio Cooperativa"},"content":{"rendered":"<p><strong>Habla:<\/strong>\u00a0<span class=\"highlight\">Eugenio<\/span>\u00a0<span class=\"highlight\">Guzm\u00e1n<\/span>, Soci\u00f3logo\u00a0<span class=\"highlight\">UDD<\/span>; Osvaldo Andrade, Ex Ministro; Alberto Mayol, Militante Frente Amplio; David Morales, Secretario nacional de la DC.<\/p>\n<h3>Presidente Pi\u00f1era se reuni\u00f3 con Human Rights Watch<\/h3>\n<audio class=\"wp-audio-shortcode\" id=\"audio-5272-1\" preload=\"none\" style=\"width: 100%;\" controls=\"controls\"><source type=\"audio\/mpeg\" src=\"http:\/\/conectamedia.s3.amazonaws.com\/be9f20f8f08113d86957bc6e36545f99.mp3?_=1\" \/><a href=\"http:\/\/conectamedia.s3.amazonaws.com\/be9f20f8f08113d86957bc6e36545f99.mp3\">http:\/\/conectamedia.s3.amazonaws.com\/be9f20f8f08113d86957bc6e36545f99.mp3<\/a><\/audio>\n<h3>Pol\u00e9mica sobre el aumento de 50% en las pensiones<\/h3>\n<audio class=\"wp-audio-shortcode\" id=\"audio-5272-2\" preload=\"none\" style=\"width: 100%;\" controls=\"controls\"><source type=\"audio\/mpeg\" src=\"http:\/\/conectamedia.s3.amazonaws.com\/7e7fd78e4751387b0b63ba431c41e593.mp3?_=2\" \/><a href=\"http:\/\/conectamedia.s3.amazonaws.com\/7e7fd78e4751387b0b63ba431c41e593.mp3\">http:\/\/conectamedia.s3.amazonaws.com\/7e7fd78e4751387b0b63ba431c41e593.mp3<\/a><\/audio>\n<h3>Proyecto para que ej\u00e9rcito proteja infraestructura cr\u00edtica<\/h3>\n<audio class=\"wp-audio-shortcode\" id=\"audio-5272-3\" preload=\"none\" style=\"width: 100%;\" controls=\"controls\"><source type=\"audio\/mpeg\" src=\"http:\/\/conectamedia.s3.amazonaws.com\/e5488aa611e85322f425c7f4ed9c8edf.mp3?_=3\" \/><a href=\"http:\/\/conectamedia.s3.amazonaws.com\/e5488aa611e85322f425c7f4ed9c8edf.mp3\">http:\/\/conectamedia.s3.amazonaws.com\/e5488aa611e85322f425c7f4ed9c8edf.mp3<\/a><\/audio>\n<h3>La divisi\u00f3n de la ciudadan\u00eda tras las manifestaciones<\/h3>\n<audio class=\"wp-audio-shortcode\" id=\"audio-5272-4\" preload=\"none\" style=\"width: 100%;\" controls=\"controls\"><source type=\"audio\/mpeg\" src=\"http:\/\/conectamedia.s3.amazonaws.com\/3d66fcfcd8320c99c42c5a9b4ee7f102.mp3?_=4\" \/><a href=\"http:\/\/conectamedia.s3.amazonaws.com\/3d66fcfcd8320c99c42c5a9b4ee7f102.mp3\">http:\/\/conectamedia.s3.amazonaws.com\/3d66fcfcd8320c99c42c5a9b4ee7f102.mp3<\/a><\/audio>\n<h3>Sebasti\u00e1n Pi\u00f1era firma proyecto para que ej\u00e9rcito resguarde infraestructura cr\u00edtica<\/h3>\n<audio class=\"wp-audio-shortcode\" id=\"audio-5272-5\" preload=\"none\" style=\"width: 100%;\" controls=\"controls\"><source type=\"audio\/mpeg\" src=\"http:\/\/conectamedia.s3.amazonaws.com\/915b3a17494fb12dcd2316c56abb741b.mp3?_=5\" \/><a href=\"http:\/\/conectamedia.s3.amazonaws.com\/915b3a17494fb12dcd2316c56abb741b.mp3\">http:\/\/conectamedia.s3.amazonaws.com\/915b3a17494fb12dcd2316c56abb741b.mp3<\/a><\/audio>\n<p>&nbsp;<\/p>\n","protected":false},"excerpt":{"rendered":"<p>Habla:\u00a0Eugenio\u00a0Guzm\u00e1n, Soci\u00f3logo\u00a0UDD; Osvaldo Andrade, Ex Ministro; Alberto Mayol, Militante Frente Amplio; David Morales, Secretario nacional de la DC. Presidente Pi\u00f1era se reuni\u00f3 con Human Rights Watch http:\/\/conectamedia.s3.amazonaws.com\/be9f20f8f08113d86957bc6e36545f99.mp3 Pol\u00e9mica sobre el aumento de 50% en las pensiones http:\/\/conectamedia.s3.amazonaws.com\/7e7fd78e4751387b0b63ba431c41e593.mp3 Proyecto para que ej\u00e9rcito proteja infraestructura cr\u00edtica http:\/\/conectamedia.s3.amazonaws.com\/e5488aa611e85322f425c7f4ed9c8edf.mp3 La divisi\u00f3n de la ciudadan\u00eda tras las manifestaciones http:\/\/conectamedia.s3.amazonaws.com\/3d66fcfcd8320c99c42c5a9b4ee7f102.mp3 Sebasti\u00e1n [&hellip;]<\/p>\n","protected":false},"author":0,"featured_media":4478,"comment_status":"open","ping_status":"open","sticky":false,"template":"","format":"standard","meta":{"footnotes":""},"categories":[10162],"tags":[],"class_list":["post-5272","post","type-post","status-publish","format-standard","has-post-thumbnail","hentry","category-centro-en-la-prensa"],"featured_image_url":"https:\/\/gobierno.udd.cl\/cpp\/files\/2019\/06\/Graficas_PoliticasPublicas-03.jpg","_links":{"self":[{"href":"https:\/\/gobierno.udd.cl\/cpp\/wp-json\/wp\/v2\/posts\/5272","targetHints":{"allow":["GET"]}}],"collection":[{"href":"https:\/\/gobierno.udd.cl\/cpp\/wp-json\/wp\/v2\/posts"}],"about":[{"href":"https:\/\/gobierno.udd.cl\/cpp\/wp-json\/wp\/v2\/types\/post"}],"replies":[{"embeddable":true,"href":"https:\/\/gobierno.udd.cl\/cpp\/wp-json\/wp\/v2\/comments?post=5272"}],"version-history":[{"count":0,"href":"https:\/\/gobierno.udd.cl\/cpp\/wp-json\/wp\/v2\/posts\/5272\/revisions"}],"wp:featuredmedia":[{"embeddable":true,"href":"https:\/\/gobierno.udd.cl\/cpp\/wp-json\/wp\/v2\/media\/4478"}],"wp:attachment":[{"href":"https:\/\/gobierno.udd.cl\/cpp\/wp-json\/wp\/v2\/media?parent=5272"}],"wp:term":[{"taxonomy":"category","embeddable":true,"href":"https:\/\/gobierno.udd.cl\/cpp\/wp-json\/wp\/v2\/categories?post=5272"},{"taxonomy":"post_tag","embeddable":true,"href":"https:\/\/gobierno.udd.cl\/cpp\/wp-json\/wp\/v2\/tags?post=5272"}],"curies":[{"name":"wp","href":"https:\/\/api.w.org\/{rel}","templated":true}]}}