{"id":5247,"date":"2019-11-18T16:12:58","date_gmt":"2019-11-18T19:12:58","guid":{"rendered":"http:\/\/gobierno.udd.cl\/cpp\/?p=5247"},"modified":"2019-11-18T16:12:58","modified_gmt":"2019-11-18T19:12:58","slug":"los-alcances-del-acuerdo-por-la-paz-social-y-nueva-constitucion-tele13-radio","status":"publish","type":"post","link":"https:\/\/gobierno.udd.cl\/cpp\/noticias\/2019\/11\/18\/los-alcances-del-acuerdo-por-la-paz-social-y-nueva-constitucion-tele13-radio\/","title":{"rendered":"Los alcances del acuerdo por la paz social y nueva Constituci\u00f3n &#8211; Tele13 Radio"},"content":{"rendered":"<p style=\"text-align: justify;\">Diferentes reacciones ha causado el acuerdo transversal de los partidos pol\u00edticos, que permitir\u00eda cambiar la Constituci\u00f3n, vigente desde 1980, denominado como el \u2018Acuerdo por la paz social y nueva Constituci\u00f3n\u2019.<\/p>\n<p style=\"text-align: justify;\"><strong>Habla:\u00a0<\/strong>Constanza Sch\u00f6nhaut;\u00a0<span class=\"highlight\">Gonzalo<\/span> \u00a0M\u00fcller<span class=\"highlight\">, Director Centro de Pol\u00edticas P\u00fablicas UDD.\u00a0<\/span><\/p>\n<audio class=\"wp-audio-shortcode\" id=\"audio-5247-1\" preload=\"none\" style=\"width: 100%;\" controls=\"controls\"><source type=\"audio\/mpeg\" src=\"http:\/\/conectamedia.s3.amazonaws.com\/fa5a3d55a0c8cbddf0e87ef9ec901fe9.mp3?_=1\" \/><a href=\"http:\/\/conectamedia.s3.amazonaws.com\/fa5a3d55a0c8cbddf0e87ef9ec901fe9.mp3\">http:\/\/conectamedia.s3.amazonaws.com\/fa5a3d55a0c8cbddf0e87ef9ec901fe9.mp3<\/a><\/audio>\n","protected":false},"excerpt":{"rendered":"<p>Diferentes reacciones ha causado el acuerdo transversal de los partidos pol\u00edticos, que permitir\u00eda cambiar la Constituci\u00f3n, vigente desde 1980, denominado como el \u2018Acuerdo por la paz social y nueva Constituci\u00f3n\u2019. Habla:\u00a0Constanza Sch\u00f6nhaut;\u00a0Gonzalo \u00a0M\u00fcller, Director Centro de Pol\u00edticas P\u00fablicas UDD.\u00a0<\/p>\n","protected":false},"author":0,"featured_media":4478,"comment_status":"open","ping_status":"open","sticky":false,"template":"","format":"standard","meta":{"footnotes":""},"categories":[10162],"tags":[],"class_list":["post-5247","post","type-post","status-publish","format-standard","has-post-thumbnail","hentry","category-centro-en-la-prensa"],"featured_image_url":"https:\/\/gobierno.udd.cl\/cpp\/files\/2019\/06\/Graficas_PoliticasPublicas-03.jpg","_links":{"self":[{"href":"https:\/\/gobierno.udd.cl\/cpp\/wp-json\/wp\/v2\/posts\/5247","targetHints":{"allow":["GET"]}}],"collection":[{"href":"https:\/\/gobierno.udd.cl\/cpp\/wp-json\/wp\/v2\/posts"}],"about":[{"href":"https:\/\/gobierno.udd.cl\/cpp\/wp-json\/wp\/v2\/types\/post"}],"replies":[{"embeddable":true,"href":"https:\/\/gobierno.udd.cl\/cpp\/wp-json\/wp\/v2\/comments?post=5247"}],"version-history":[{"count":0,"href":"https:\/\/gobierno.udd.cl\/cpp\/wp-json\/wp\/v2\/posts\/5247\/revisions"}],"wp:featuredmedia":[{"embeddable":true,"href":"https:\/\/gobierno.udd.cl\/cpp\/wp-json\/wp\/v2\/media\/4478"}],"wp:attachment":[{"href":"https:\/\/gobierno.udd.cl\/cpp\/wp-json\/wp\/v2\/media?parent=5247"}],"wp:term":[{"taxonomy":"category","embeddable":true,"href":"https:\/\/gobierno.udd.cl\/cpp\/wp-json\/wp\/v2\/categories?post=5247"},{"taxonomy":"post_tag","embeddable":true,"href":"https:\/\/gobierno.udd.cl\/cpp\/wp-json\/wp\/v2\/tags?post=5247"}],"curies":[{"name":"wp","href":"https:\/\/api.w.org\/{rel}","templated":true}]}}