{"id":5240,"date":"2019-11-25T15:48:43","date_gmt":"2019-11-25T18:48:43","guid":{"rendered":"http:\/\/gobierno.udd.cl\/cpp\/?p=5240"},"modified":"2019-11-25T15:48:43","modified_gmt":"2019-11-25T18:48:43","slug":"la-conduccion-del-gobierno-destraba-el-conflicto-social-tele13-radio","status":"publish","type":"post","link":"https:\/\/gobierno.udd.cl\/cpp\/noticias\/2019\/11\/25\/la-conduccion-del-gobierno-destraba-el-conflicto-social-tele13-radio\/","title":{"rendered":"La conducci\u00f3n del Gobierno destraba el conflicto social &#8211; Tele13 Radio"},"content":{"rendered":"<p style=\"text-align: justify;\">En el marco del estallido social, el manejo del Gobierno apunta al control del orden. Entre las medidas anunciadas por el Presidente Sebasti\u00e1n Pi\u00f1era, est\u00e1 el env\u00edo de un proyecto de Ley para que las FFAA puedan ayudar a la protecci\u00f3n de lugares estrat\u00e9gicos.<\/p>\n<p style=\"text-align: justify;\">Habla:\u00a0<span class=\"highlight\">Gonzalo<\/span>\u00a0M\u00fcller<span class=\"highlight\">, Director Centro de Pol\u00edticas P\u00fablicas UDD.\u00a0<\/span><\/p>\n<audio class=\"wp-audio-shortcode\" id=\"audio-5240-1\" preload=\"none\" style=\"width: 100%;\" controls=\"controls\"><source type=\"audio\/mpeg\" src=\"http:\/\/conectamedia.s3.amazonaws.com\/86aaa72d6f280e0f104eb20f58469e2b.mp3?_=1\" \/><a href=\"http:\/\/conectamedia.s3.amazonaws.com\/86aaa72d6f280e0f104eb20f58469e2b.mp3\">http:\/\/conectamedia.s3.amazonaws.com\/86aaa72d6f280e0f104eb20f58469e2b.mp3<\/a><\/audio>\n","protected":false},"excerpt":{"rendered":"<p>En el marco del estallido social, el manejo del Gobierno apunta al control del orden. Entre las medidas anunciadas por el Presidente Sebasti\u00e1n Pi\u00f1era, est\u00e1 el env\u00edo de un proyecto de Ley para que las FFAA puedan ayudar a la protecci\u00f3n de lugares estrat\u00e9gicos. Habla:\u00a0Gonzalo\u00a0M\u00fcller, Director Centro de Pol\u00edticas P\u00fablicas UDD.\u00a0<\/p>\n","protected":false},"author":0,"featured_media":4478,"comment_status":"open","ping_status":"open","sticky":false,"template":"","format":"standard","meta":{"footnotes":""},"categories":[10162],"tags":[],"class_list":["post-5240","post","type-post","status-publish","format-standard","has-post-thumbnail","hentry","category-centro-en-la-prensa"],"featured_image_url":"https:\/\/gobierno.udd.cl\/cpp\/files\/2019\/06\/Graficas_PoliticasPublicas-03.jpg","_links":{"self":[{"href":"https:\/\/gobierno.udd.cl\/cpp\/wp-json\/wp\/v2\/posts\/5240","targetHints":{"allow":["GET"]}}],"collection":[{"href":"https:\/\/gobierno.udd.cl\/cpp\/wp-json\/wp\/v2\/posts"}],"about":[{"href":"https:\/\/gobierno.udd.cl\/cpp\/wp-json\/wp\/v2\/types\/post"}],"replies":[{"embeddable":true,"href":"https:\/\/gobierno.udd.cl\/cpp\/wp-json\/wp\/v2\/comments?post=5240"}],"version-history":[{"count":0,"href":"https:\/\/gobierno.udd.cl\/cpp\/wp-json\/wp\/v2\/posts\/5240\/revisions"}],"wp:featuredmedia":[{"embeddable":true,"href":"https:\/\/gobierno.udd.cl\/cpp\/wp-json\/wp\/v2\/media\/4478"}],"wp:attachment":[{"href":"https:\/\/gobierno.udd.cl\/cpp\/wp-json\/wp\/v2\/media?parent=5240"}],"wp:term":[{"taxonomy":"category","embeddable":true,"href":"https:\/\/gobierno.udd.cl\/cpp\/wp-json\/wp\/v2\/categories?post=5240"},{"taxonomy":"post_tag","embeddable":true,"href":"https:\/\/gobierno.udd.cl\/cpp\/wp-json\/wp\/v2\/tags?post=5240"}],"curies":[{"name":"wp","href":"https:\/\/api.w.org\/{rel}","templated":true}]}}