{"id":5193,"date":"2019-11-11T09:24:01","date_gmt":"2019-11-11T12:24:01","guid":{"rendered":"http:\/\/gobierno.udd.cl\/cpp\/?p=5193"},"modified":"2019-11-11T09:24:01","modified_gmt":"2019-11-11T12:24:01","slug":"mesa-central-lunes-11-de-noviembre-tele13-radio","status":"publish","type":"post","link":"https:\/\/gobierno.udd.cl\/cpp\/noticias\/2019\/11\/11\/mesa-central-lunes-11-de-noviembre-tele13-radio\/","title":{"rendered":"Mesa central (lunes 11 de noviembre) &#8211; Tele13 Radio"},"content":{"rendered":"<p style=\"text-align: justify;\"><strong>Habla:\u00a0<\/strong>Kike Mujica, columnista;\u00a0Eugenio\u00a0Guzm\u00e1n, columnista; Alfredo Joignant, columnista.<\/p>\n<h3 style=\"text-align: justify;\">Manuel Jos\u00e9 Ossand\u00f3n busca un espacio en la pol\u00edtica<\/h3>\n<p style=\"text-align: justify;\">Ossand\u00f3n ha hecho gui\u00f1os a la oposici\u00f3n, criticando duramente al oficialismo.<\/p>\n<audio class=\"wp-audio-shortcode\" id=\"audio-5193-1\" preload=\"none\" style=\"width: 100%;\" controls=\"controls\"><source type=\"audio\/mpeg\" src=\"http:\/\/conectamedia.s3.amazonaws.com\/5ad7b55600999a75b431c54bdf16890b.mp3?_=1\" \/><a href=\"http:\/\/conectamedia.s3.amazonaws.com\/5ad7b55600999a75b431c54bdf16890b.mp3\">http:\/\/conectamedia.s3.amazonaws.com\/5ad7b55600999a75b431c54bdf16890b.mp3<\/a><\/audio>\n<p>&nbsp;<\/p>\n<h3 style=\"text-align: justify;\">Evo Morales renuncia a la presidencia de Bolivia<\/h3>\n<p style=\"text-align: justify;\">Evo Morales renunci\u00f3 a la presidencia de Bolivia, luego de un Golpe de Estado ocurrido por los militares en el pa\u00eds.<\/p>\n<audio class=\"wp-audio-shortcode\" id=\"audio-5193-2\" preload=\"none\" style=\"width: 100%;\" controls=\"controls\"><source type=\"audio\/mpeg\" src=\"http:\/\/conectamedia.s3.amazonaws.com\/5c43d91d423a1be87d7532a0b1231d7e.mp3?_=2\" \/><a href=\"http:\/\/conectamedia.s3.amazonaws.com\/5c43d91d423a1be87d7532a0b1231d7e.mp3\">http:\/\/conectamedia.s3.amazonaws.com\/5c43d91d423a1be87d7532a0b1231d7e.mp3<\/a><\/audio>\n<p>&nbsp;<\/p>\n<h3 style=\"text-align: justify;\">Preocupan da\u00f1os y destrozos en calles<\/h3>\n<p style=\"text-align: justify;\">Luego de los da\u00f1os en iglesias, ha llamado la atenci\u00f3n la destrucci\u00f3n de s\u00edmbolos, mientras han encontrado a algunos responsables de los hechos.<\/p>\n<audio class=\"wp-audio-shortcode\" id=\"audio-5193-3\" preload=\"none\" style=\"width: 100%;\" controls=\"controls\"><source type=\"audio\/mpeg\" src=\"http:\/\/conectamedia.s3.amazonaws.com\/da8647aee0a471b3831b6d7ca42a47a6.mp3?_=3\" \/><a href=\"http:\/\/conectamedia.s3.amazonaws.com\/da8647aee0a471b3831b6d7ca42a47a6.mp3\">http:\/\/conectamedia.s3.amazonaws.com\/da8647aee0a471b3831b6d7ca42a47a6.mp3<\/a><\/audio>\n<p>&nbsp;<\/p>\n<h3 style=\"text-align: justify;\">Anuncian programa de Congreso Constituyente<\/h3>\n<p style=\"text-align: justify;\">El ministro del Interior, coment\u00f3 que habr\u00eda un nuevo proceso constituyente llamado, Congreso Constituyente, cerrando la posibilidad de una asamblea.<\/p>\n<audio class=\"wp-audio-shortcode\" id=\"audio-5193-4\" preload=\"none\" style=\"width: 100%;\" controls=\"controls\"><source type=\"audio\/mpeg\" src=\"http:\/\/conectamedia.s3.amazonaws.com\/87899fbe93647e96ecc9d63c12b73c26.mp3?_=4\" \/><a href=\"http:\/\/conectamedia.s3.amazonaws.com\/87899fbe93647e96ecc9d63c12b73c26.mp3\">http:\/\/conectamedia.s3.amazonaws.com\/87899fbe93647e96ecc9d63c12b73c26.mp3<\/a><\/audio>\n<p>&nbsp;<\/p>\n","protected":false},"excerpt":{"rendered":"<p>Habla:\u00a0Kike Mujica, columnista;\u00a0Eugenio\u00a0Guzm\u00e1n, columnista; Alfredo Joignant, columnista. Manuel Jos\u00e9 Ossand\u00f3n busca un espacio en la pol\u00edtica Ossand\u00f3n ha hecho gui\u00f1os a la oposici\u00f3n, criticando duramente al oficialismo. http:\/\/conectamedia.s3.amazonaws.com\/5ad7b55600999a75b431c54bdf16890b.mp3 &nbsp; Evo Morales renuncia a la presidencia de Bolivia Evo Morales renunci\u00f3 a la presidencia de Bolivia, luego de un Golpe de Estado ocurrido por los militares [&hellip;]<\/p>\n","protected":false},"author":0,"featured_media":4524,"comment_status":"open","ping_status":"open","sticky":false,"template":"","format":"standard","meta":{"footnotes":""},"categories":[10162],"tags":[],"class_list":["post-5193","post","type-post","status-publish","format-standard","has-post-thumbnail","hentry","category-centro-en-la-prensa"],"featured_image_url":"https:\/\/gobierno.udd.cl\/cpp\/files\/2019\/05\/Graficas_PoliticasPublicas-03.jpg","_links":{"self":[{"href":"https:\/\/gobierno.udd.cl\/cpp\/wp-json\/wp\/v2\/posts\/5193","targetHints":{"allow":["GET"]}}],"collection":[{"href":"https:\/\/gobierno.udd.cl\/cpp\/wp-json\/wp\/v2\/posts"}],"about":[{"href":"https:\/\/gobierno.udd.cl\/cpp\/wp-json\/wp\/v2\/types\/post"}],"replies":[{"embeddable":true,"href":"https:\/\/gobierno.udd.cl\/cpp\/wp-json\/wp\/v2\/comments?post=5193"}],"version-history":[{"count":0,"href":"https:\/\/gobierno.udd.cl\/cpp\/wp-json\/wp\/v2\/posts\/5193\/revisions"}],"wp:featuredmedia":[{"embeddable":true,"href":"https:\/\/gobierno.udd.cl\/cpp\/wp-json\/wp\/v2\/media\/4524"}],"wp:attachment":[{"href":"https:\/\/gobierno.udd.cl\/cpp\/wp-json\/wp\/v2\/media?parent=5193"}],"wp:term":[{"taxonomy":"category","embeddable":true,"href":"https:\/\/gobierno.udd.cl\/cpp\/wp-json\/wp\/v2\/categories?post=5193"},{"taxonomy":"post_tag","embeddable":true,"href":"https:\/\/gobierno.udd.cl\/cpp\/wp-json\/wp\/v2\/tags?post=5193"}],"curies":[{"name":"wp","href":"https:\/\/api.w.org\/{rel}","templated":true}]}}