{"id":5174,"date":"2019-11-04T10:12:54","date_gmt":"2019-11-04T13:12:54","guid":{"rendered":"http:\/\/gobierno.udd.cl\/cpp\/?p=5174"},"modified":"2019-11-04T10:12:54","modified_gmt":"2019-11-04T13:12:54","slug":"cuando-vuelve-la-politica-la-segunda","status":"publish","type":"post","link":"https:\/\/gobierno.udd.cl\/cpp\/noticias\/2019\/11\/04\/cuando-vuelve-la-politica-la-segunda\/","title":{"rendered":"\u00bfCu\u00e1ndo vuelve la pol\u00edtica? &#8211; La Segunda"},"content":{"rendered":"<p style=\"text-align: justify;\">La dial\u00e9ctica oposici\u00f3n-gobierno es la peor forma de abordar los desaf\u00edos que enfrenta el pa\u00eds. Pero tampoco sirve renunciar a la pol\u00edtica como medio de soluci\u00f3n. No se pueden abordar los desaf\u00edos actuales sino desde las instituciones que tenemos; es decir, volver a la pol\u00edtica.<\/p>\n<p style=\"text-align: justify;\">Desafortunadamente, algunos elementos conspiran contra la posibilidad de un abordaje institucional. En primer lugar, la tensi\u00f3n entre comportamiento estrat\u00e9gico-t\u00e1ctico y el honesto-altruista. Para algunos la soluci\u00f3n al problema es pol\u00edtico estructural; vale decir, constitucional, y en consecuencia se debe avanzar en toda suerte de mecanismos en esa direcci\u00f3n, siendo por antonomasia los cabildos y asamblea constituyente. Pero eso es simplemente un modo de aceitar la maquina, ganar tiempo, y con una cuota de suerte lograr un efecto simb\u00f3lico, o m\u00e1s bien dicho una epifan\u00eda (manifestaci\u00f3n) de una nueva pol\u00edtica que lo renueve todo, a la cual la ciudadan\u00eda adherir\u00eda sin contratiempo.<\/p>\n<p style=\"text-align: justify;\">Sabemos que quienes est\u00e1n en la calle, o est\u00e1n en sus casas, demandan cuestiones menos abstractas: cuentas de luz, transporte p\u00fablico, salarios, respeto, pensiones, remedios baratos, etc. Todas demandas concretas que est\u00e1n detr\u00e1s de una segunda posici\u00f3n que se contrapone a la primera.<\/p>\n<p style=\"text-align: justify;\">Ambas posiciones se enfrentan pol\u00edticamente y despliegan t\u00e1cticas tendientes a imponerse. As\u00ed retrasan las se\u00f1ales que esperan los ciudadanos, y con ello confirman, cual profec\u00eda autocumplida, que la pol\u00edtica y los pol\u00edticos no tienen remedio. Ciertamente, combinarlas no es tarea f\u00e1cil y requiere de un di\u00e1logo sincero.<\/p>\n<p style=\"text-align: justify;\">Un segundo factor que conspira para el asentamiento institucional es la fragmentaci\u00f3n. Ello lleva a algunos actores a buscar la intermediaci\u00f3n de organizaciones a las cuales atribuyen cierta asepsia pol\u00edtica. Todos sabemos, sin embargo, que sus dirigentes tienen color pol\u00edtico y responden a las directivas partidarias. Es cierto, el problema es de todos, pero no se puede seguir creyendo que los ciudadanos son ciegos a estos hechos.<\/p>\n<p style=\"text-align: justify;\">Otro elemento que conspira para romper la dial\u00e9ctica de confrontaci\u00f3n son aquellas propuestas que se alejan del contenido del problema. Por ejemplo, reinstaurar el voto obligatorio. No se entiende que si hay cerca de siete millones de no votantes, obligarlos a votar no har\u00e1 que dejen de pensar que la pol\u00edtica no resuelve sus problemas. \u00bfQu\u00e9 suceder\u00e1 cuando esos siete millones resuelvan no ir a votar?<\/p>\n<p><a href=\"http:\/\/gobierno.udd.cl\/cpp\/files\/2019\/11\/2019-11-04_tk3n3e0q-1.jpg\"><img loading=\"lazy\" decoding=\"async\" class=\"wp-image-5175 aligncenter\" src=\"http:\/\/gobierno.udd.cl\/cpp\/files\/2019\/11\/2019-11-04_tk3n3e0q-1-231x300.jpg\" alt=\"\" width=\"281\" height=\"365\" srcset=\"https:\/\/gobierno.udd.cl\/cpp\/files\/2019\/11\/2019-11-04_tk3n3e0q-1-231x300.jpg 231w, https:\/\/gobierno.udd.cl\/cpp\/files\/2019\/11\/2019-11-04_tk3n3e0q-1-790x1024.jpg 790w, https:\/\/gobierno.udd.cl\/cpp\/files\/2019\/11\/2019-11-04_tk3n3e0q-1-768x996.jpg 768w, https:\/\/gobierno.udd.cl\/cpp\/files\/2019\/11\/2019-11-04_tk3n3e0q-1-1185x1536.jpg 1185w, https:\/\/gobierno.udd.cl\/cpp\/files\/2019\/11\/2019-11-04_tk3n3e0q-1.jpg 1440w\" sizes=\"auto, (max-width: 281px) 100vw, 281px\" \/><\/a><\/p>\n","protected":false},"excerpt":{"rendered":"<p>La dial\u00e9ctica oposici\u00f3n-gobierno es la peor forma de abordar los desaf\u00edos que enfrenta el pa\u00eds. Pero tampoco sirve renunciar a la pol\u00edtica como medio de soluci\u00f3n. No se pueden abordar los desaf\u00edos actuales sino desde las instituciones que tenemos; es decir, volver a la pol\u00edtica. Desafortunadamente, algunos elementos conspiran contra la posibilidad de un abordaje [&hellip;]<\/p>\n","protected":false},"author":0,"featured_media":0,"comment_status":"open","ping_status":"open","sticky":false,"template":"","format":"standard","meta":{"footnotes":""},"categories":[12313],"tags":[],"class_list":["post-5174","post","type-post","status-publish","format-standard","hentry","category-carta-al-director"],"featured_image_url":null,"_links":{"self":[{"href":"https:\/\/gobierno.udd.cl\/cpp\/wp-json\/wp\/v2\/posts\/5174","targetHints":{"allow":["GET"]}}],"collection":[{"href":"https:\/\/gobierno.udd.cl\/cpp\/wp-json\/wp\/v2\/posts"}],"about":[{"href":"https:\/\/gobierno.udd.cl\/cpp\/wp-json\/wp\/v2\/types\/post"}],"replies":[{"embeddable":true,"href":"https:\/\/gobierno.udd.cl\/cpp\/wp-json\/wp\/v2\/comments?post=5174"}],"version-history":[{"count":0,"href":"https:\/\/gobierno.udd.cl\/cpp\/wp-json\/wp\/v2\/posts\/5174\/revisions"}],"wp:attachment":[{"href":"https:\/\/gobierno.udd.cl\/cpp\/wp-json\/wp\/v2\/media?parent=5174"}],"wp:term":[{"taxonomy":"category","embeddable":true,"href":"https:\/\/gobierno.udd.cl\/cpp\/wp-json\/wp\/v2\/categories?post=5174"},{"taxonomy":"post_tag","embeddable":true,"href":"https:\/\/gobierno.udd.cl\/cpp\/wp-json\/wp\/v2\/tags?post=5174"}],"curies":[{"name":"wp","href":"https:\/\/api.w.org\/{rel}","templated":true}]}}