{"id":5168,"date":"2019-11-09T10:43:15","date_gmt":"2019-11-09T13:43:15","guid":{"rendered":"http:\/\/gobierno.udd.cl\/cpp\/?p=5168"},"modified":"2019-11-09T10:43:15","modified_gmt":"2019-11-09T13:43:15","slug":"los-chilenos-que-vieron-caer-el-muro-de-berlin-chv","status":"publish","type":"post","link":"https:\/\/gobierno.udd.cl\/cpp\/noticias\/2019\/11\/09\/los-chilenos-que-vieron-caer-el-muro-de-berlin-chv\/","title":{"rendered":"Los chilenos que vieron caer el muro de Berl\u00edn &#8211; CHV"},"content":{"rendered":"<p style=\"text-align: justify;\">Chilenos que estuvieron en la ca\u00edda del muro de Berl\u00edn y otros que fueron testigos de esta reunificaci\u00f3n se reencuentran con parte de esta historia.<\/p>\n<p style=\"text-align: justify;\"><strong>Habla:<\/strong>\u00a0Roberto Ampuero, Ex Canciller que viv\u00eda en Alemania; Mathias Mejer, Periodista UDD realizador de \u00abEl Muro Chileno\u00bb;\u00a0Jos\u00e9 Giribas, Fot\u00f3grafo Chileno testigo de la ca\u00edda del muro de Berl\u00edn;\u00a0<span class=\"highlight\">Guido<\/span>\u00a0<span class=\"highlight\">Larson<\/span>, Director instituto de Humanidades UDD; Eduardo Orellana, Periodista Embajada de Alemania en Chile;\u00a0Holger Timmreck, Testigo de la ca\u00edda del muro.<\/p>\n<div style=\"width: 640px;\" class=\"wp-video\"><video class=\"wp-video-shortcode\" id=\"video-5168-1\" width=\"640\" height=\"360\" preload=\"metadata\" controls=\"controls\"><source type=\"video\/mp4\" src=\"http:\/\/conectamedia.s3.amazonaws.com\/d5310c4de89159df466368e022556e8f.mp4?_=1\" \/><a href=\"http:\/\/conectamedia.s3.amazonaws.com\/d5310c4de89159df466368e022556e8f.mp4\">http:\/\/conectamedia.s3.amazonaws.com\/d5310c4de89159df466368e022556e8f.mp4<\/a><\/video><\/div>\n<p>&nbsp;<\/p>\n","protected":false},"excerpt":{"rendered":"<p>Chilenos que estuvieron en la ca\u00edda del muro de Berl\u00edn y otros que fueron testigos de esta reunificaci\u00f3n se reencuentran con parte de esta historia. Habla:\u00a0Roberto Ampuero, Ex Canciller que viv\u00eda en Alemania; Mathias Mejer, Periodista UDD realizador de \u00abEl Muro Chileno\u00bb;\u00a0Jos\u00e9 Giribas, Fot\u00f3grafo Chileno testigo de la ca\u00edda del muro de Berl\u00edn;\u00a0Guido\u00a0Larson, Director instituto [&hellip;]<\/p>\n","protected":false},"author":0,"featured_media":4524,"comment_status":"open","ping_status":"open","sticky":false,"template":"","format":"standard","meta":{"footnotes":""},"categories":[10162],"tags":[],"class_list":["post-5168","post","type-post","status-publish","format-standard","has-post-thumbnail","hentry","category-centro-en-la-prensa"],"featured_image_url":"https:\/\/gobierno.udd.cl\/cpp\/files\/2019\/05\/Graficas_PoliticasPublicas-03.jpg","_links":{"self":[{"href":"https:\/\/gobierno.udd.cl\/cpp\/wp-json\/wp\/v2\/posts\/5168","targetHints":{"allow":["GET"]}}],"collection":[{"href":"https:\/\/gobierno.udd.cl\/cpp\/wp-json\/wp\/v2\/posts"}],"about":[{"href":"https:\/\/gobierno.udd.cl\/cpp\/wp-json\/wp\/v2\/types\/post"}],"replies":[{"embeddable":true,"href":"https:\/\/gobierno.udd.cl\/cpp\/wp-json\/wp\/v2\/comments?post=5168"}],"version-history":[{"count":0,"href":"https:\/\/gobierno.udd.cl\/cpp\/wp-json\/wp\/v2\/posts\/5168\/revisions"}],"wp:featuredmedia":[{"embeddable":true,"href":"https:\/\/gobierno.udd.cl\/cpp\/wp-json\/wp\/v2\/media\/4524"}],"wp:attachment":[{"href":"https:\/\/gobierno.udd.cl\/cpp\/wp-json\/wp\/v2\/media?parent=5168"}],"wp:term":[{"taxonomy":"category","embeddable":true,"href":"https:\/\/gobierno.udd.cl\/cpp\/wp-json\/wp\/v2\/categories?post=5168"},{"taxonomy":"post_tag","embeddable":true,"href":"https:\/\/gobierno.udd.cl\/cpp\/wp-json\/wp\/v2\/tags?post=5168"}],"curies":[{"name":"wp","href":"https:\/\/api.w.org\/{rel}","templated":true}]}}