{"id":5131,"date":"2019-10-29T12:57:12","date_gmt":"2019-10-29T15:57:12","guid":{"rendered":"http:\/\/gobierno.udd.cl\/cpp\/?p=5131"},"modified":"2019-10-29T12:57:12","modified_gmt":"2019-10-29T15:57:12","slug":"debatelt-una-gabinete-para-afrontar-la-crisis-la-tercera","status":"publish","type":"post","link":"https:\/\/gobierno.udd.cl\/cpp\/noticias\/2019\/10\/29\/debatelt-una-gabinete-para-afrontar-la-crisis-la-tercera\/","title":{"rendered":"#DebateLT: Una gabinete para afrontar la crisis &#8211; La Tercera TV"},"content":{"rendered":"<p>Nos acompa\u00f1a el ex presidente de RD, Sebasti\u00e1n Depolo, y el analista pol\u00edtico, Gonzalo Muller, para profundizar en los pr\u00f3ximos pasos y el nuevo gabinete con que el Presidente busca enfrentar la crisis desatada el 18 de octubre.<\/p>\n<p>Revisa el video<a href=\"https:\/\/www.latercera.com\/la-tercera-tv\/noticia\/debatelt-una-gabinete-afrontar-la-crisis\/882326\/\"> AQU\u00cd<\/a><\/p>\n","protected":false},"excerpt":{"rendered":"<p>Nos acompa\u00f1a el ex presidente de RD, Sebasti\u00e1n Depolo, y el analista pol\u00edtico, Gonzalo Muller, para profundizar en los pr\u00f3ximos pasos y el nuevo gabinete con que el Presidente busca enfrentar la crisis desatada el 18 de octubre. Revisa el video AQU\u00cd<\/p>\n","protected":false},"author":0,"featured_media":4478,"comment_status":"open","ping_status":"open","sticky":false,"template":"","format":"standard","meta":{"footnotes":""},"categories":[10162],"tags":[],"class_list":["post-5131","post","type-post","status-publish","format-standard","has-post-thumbnail","hentry","category-centro-en-la-prensa"],"featured_image_url":"https:\/\/gobierno.udd.cl\/cpp\/files\/2019\/06\/Graficas_PoliticasPublicas-03.jpg","_links":{"self":[{"href":"https:\/\/gobierno.udd.cl\/cpp\/wp-json\/wp\/v2\/posts\/5131","targetHints":{"allow":["GET"]}}],"collection":[{"href":"https:\/\/gobierno.udd.cl\/cpp\/wp-json\/wp\/v2\/posts"}],"about":[{"href":"https:\/\/gobierno.udd.cl\/cpp\/wp-json\/wp\/v2\/types\/post"}],"replies":[{"embeddable":true,"href":"https:\/\/gobierno.udd.cl\/cpp\/wp-json\/wp\/v2\/comments?post=5131"}],"version-history":[{"count":0,"href":"https:\/\/gobierno.udd.cl\/cpp\/wp-json\/wp\/v2\/posts\/5131\/revisions"}],"wp:featuredmedia":[{"embeddable":true,"href":"https:\/\/gobierno.udd.cl\/cpp\/wp-json\/wp\/v2\/media\/4478"}],"wp:attachment":[{"href":"https:\/\/gobierno.udd.cl\/cpp\/wp-json\/wp\/v2\/media?parent=5131"}],"wp:term":[{"taxonomy":"category","embeddable":true,"href":"https:\/\/gobierno.udd.cl\/cpp\/wp-json\/wp\/v2\/categories?post=5131"},{"taxonomy":"post_tag","embeddable":true,"href":"https:\/\/gobierno.udd.cl\/cpp\/wp-json\/wp\/v2\/tags?post=5131"}],"curies":[{"name":"wp","href":"https:\/\/api.w.org\/{rel}","templated":true}]}}