{"id":5116,"date":"2019-10-28T11:09:32","date_gmt":"2019-10-28T14:09:32","guid":{"rendered":"http:\/\/gobierno.udd.cl\/cpp\/?p=5116"},"modified":"2019-10-28T11:09:32","modified_gmt":"2019-10-28T14:09:32","slug":"analisis-politico-por-cambio-de-gabinete-t13-radio","status":"publish","type":"post","link":"https:\/\/gobierno.udd.cl\/cpp\/noticias\/2019\/10\/28\/analisis-politico-por-cambio-de-gabinete-t13-radio\/","title":{"rendered":"An\u00e1lisis pol\u00edtico por cambio de gabinete &#8211; T13 Radio"},"content":{"rendered":"<p style=\"text-align: justify;\"><strong>Habla:<\/strong>\u00a0Kike Mujica, columnista; Alfredo Joignant, columnista;Eugenio\u00a0Guzm\u00e1n, Decano de la Facultad de Gobierno.<\/p>\n<h3 style=\"text-align: justify;\">Hoy realizar\u00e1n Cambio de Gabinete<\/h3>\n<p style=\"text-align: justify;\">Pi\u00f1era anunci\u00f3 que en esta jornada se realizar\u00e1 un nuevo Cambio de Gabinete, luego de las presiones realizadas por la ciudadan\u00eda.<\/p>\n<audio class=\"wp-audio-shortcode\" id=\"audio-5116-1\" preload=\"none\" style=\"width: 100%;\" controls=\"controls\"><source type=\"audio\/mpeg\" src=\"http:\/\/conectamedia.s3.amazonaws.com\/aaf3077ce215961e1c61a496db378e39.mp3?_=1\" \/><a href=\"http:\/\/conectamedia.s3.amazonaws.com\/aaf3077ce215961e1c61a496db378e39.mp3\">http:\/\/conectamedia.s3.amazonaws.com\/aaf3077ce215961e1c61a496db378e39.mp3<\/a><\/audio>\n<h3><\/h3>\n<h3 style=\"text-align: justify;\">Gobierno funciona a destiempo<\/h3>\n<p style=\"text-align: justify;\">El Gobierno ha funcionado a destiempo luego de las manifestaciones ocurridas en el pa\u00eds.<\/p>\n<audio class=\"wp-audio-shortcode\" id=\"audio-5116-2\" preload=\"none\" style=\"width: 100%;\" controls=\"controls\"><source type=\"audio\/mpeg\" src=\"http:\/\/conectamedia.s3.amazonaws.com\/533881d3d4de671b52c6e64a88f7bf27.mp3?_=2\" \/><a href=\"http:\/\/conectamedia.s3.amazonaws.com\/533881d3d4de671b52c6e64a88f7bf27.mp3\">http:\/\/conectamedia.s3.amazonaws.com\/533881d3d4de671b52c6e64a88f7bf27.mp3<\/a><\/audio>\n<h3><\/h3>\n<h3 style=\"text-align: justify;\">Vinculan a pa\u00edses en ataques a Metro<\/h3>\n<p style=\"text-align: justify;\">Polic\u00eda chilena indica que es posible que extranjeros hayan participado mediante organizaciones, en uno de los atentados en las estaciones de Metro.<\/p>\n<audio class=\"wp-audio-shortcode\" id=\"audio-5116-3\" preload=\"none\" style=\"width: 100%;\" controls=\"controls\"><source type=\"audio\/mpeg\" src=\"http:\/\/conectamedia.s3.amazonaws.com\/cf216ba216253ad2826bb67b1f82a473.mp3?_=3\" \/><a href=\"http:\/\/conectamedia.s3.amazonaws.com\/cf216ba216253ad2826bb67b1f82a473.mp3\">http:\/\/conectamedia.s3.amazonaws.com\/cf216ba216253ad2826bb67b1f82a473.mp3<\/a><\/audio>\n","protected":false},"excerpt":{"rendered":"<p>Habla:\u00a0Kike Mujica, columnista; Alfredo Joignant, columnista;Eugenio\u00a0Guzm\u00e1n, Decano de la Facultad de Gobierno. Hoy realizar\u00e1n Cambio de Gabinete Pi\u00f1era anunci\u00f3 que en esta jornada se realizar\u00e1 un nuevo Cambio de Gabinete, luego de las presiones realizadas por la ciudadan\u00eda. http:\/\/conectamedia.s3.amazonaws.com\/aaf3077ce215961e1c61a496db378e39.mp3 Gobierno funciona a destiempo El Gobierno ha funcionado a destiempo luego de las manifestaciones ocurridas en [&hellip;]<\/p>\n","protected":false},"author":0,"featured_media":4524,"comment_status":"open","ping_status":"open","sticky":false,"template":"","format":"standard","meta":{"footnotes":""},"categories":[10162],"tags":[],"class_list":["post-5116","post","type-post","status-publish","format-standard","has-post-thumbnail","hentry","category-centro-en-la-prensa"],"featured_image_url":"https:\/\/gobierno.udd.cl\/cpp\/files\/2019\/05\/Graficas_PoliticasPublicas-03.jpg","_links":{"self":[{"href":"https:\/\/gobierno.udd.cl\/cpp\/wp-json\/wp\/v2\/posts\/5116","targetHints":{"allow":["GET"]}}],"collection":[{"href":"https:\/\/gobierno.udd.cl\/cpp\/wp-json\/wp\/v2\/posts"}],"about":[{"href":"https:\/\/gobierno.udd.cl\/cpp\/wp-json\/wp\/v2\/types\/post"}],"replies":[{"embeddable":true,"href":"https:\/\/gobierno.udd.cl\/cpp\/wp-json\/wp\/v2\/comments?post=5116"}],"version-history":[{"count":0,"href":"https:\/\/gobierno.udd.cl\/cpp\/wp-json\/wp\/v2\/posts\/5116\/revisions"}],"wp:featuredmedia":[{"embeddable":true,"href":"https:\/\/gobierno.udd.cl\/cpp\/wp-json\/wp\/v2\/media\/4524"}],"wp:attachment":[{"href":"https:\/\/gobierno.udd.cl\/cpp\/wp-json\/wp\/v2\/media?parent=5116"}],"wp:term":[{"taxonomy":"category","embeddable":true,"href":"https:\/\/gobierno.udd.cl\/cpp\/wp-json\/wp\/v2\/categories?post=5116"},{"taxonomy":"post_tag","embeddable":true,"href":"https:\/\/gobierno.udd.cl\/cpp\/wp-json\/wp\/v2\/tags?post=5116"}],"curies":[{"name":"wp","href":"https:\/\/api.w.org\/{rel}","templated":true}]}}