{"id":5109,"date":"2019-10-30T10:55:51","date_gmt":"2019-10-30T13:55:51","guid":{"rendered":"http:\/\/gobierno.udd.cl\/cpp\/?p=5109"},"modified":"2019-10-30T10:55:51","modified_gmt":"2019-10-30T13:55:51","slug":"entrevista-guido-larson-analista-udd-sobre-cumbres-de-apec-y-cop-25-radio-infinita","status":"publish","type":"post","link":"https:\/\/gobierno.udd.cl\/cpp\/noticias\/2019\/10\/30\/entrevista-guido-larson-analista-udd-sobre-cumbres-de-apec-y-cop-25-radio-infinita\/","title":{"rendered":"Entrevista Guido Larson, analista UDD, sobre cumbres de APEC y COP25- Radio Infinita"},"content":{"rendered":"<p style=\"text-align: justify;\">Durante esta jornada el Gobierno confirm\u00f3 suspensi\u00f3n de las cumbres de la Apec y Cop 25 que se realizar\u00edan en el pa\u00eds.<\/p>\n<p style=\"text-align: justify;\"><strong>Habla:<\/strong>\u00a0<span class=\"highlight\">Guido<\/span>\u00a0<span class=\"highlight\">Larson<\/span>, analista internacional de la Universidad del Desarrollo.<\/p>\n<audio class=\"wp-audio-shortcode\" id=\"audio-5109-1\" preload=\"none\" style=\"width: 100%;\" controls=\"controls\"><source type=\"audio\/mpeg\" src=\"http:\/\/conectamedia.s3.amazonaws.com\/174eee0461c74e58eaae656e16c6e534.mp3?_=1\" \/><a href=\"http:\/\/conectamedia.s3.amazonaws.com\/174eee0461c74e58eaae656e16c6e534.mp3\">http:\/\/conectamedia.s3.amazonaws.com\/174eee0461c74e58eaae656e16c6e534.mp3<\/a><\/audio>\n","protected":false},"excerpt":{"rendered":"<p>Durante esta jornada el Gobierno confirm\u00f3 suspensi\u00f3n de las cumbres de la Apec y Cop 25 que se realizar\u00edan en el pa\u00eds. Habla:\u00a0Guido\u00a0Larson, analista internacional de la Universidad del Desarrollo. http:\/\/conectamedia.s3.amazonaws.com\/174eee0461c74e58eaae656e16c6e534.mp3<\/p>\n","protected":false},"author":0,"featured_media":4524,"comment_status":"open","ping_status":"open","sticky":false,"template":"","format":"standard","meta":{"footnotes":""},"categories":[10162],"tags":[],"class_list":["post-5109","post","type-post","status-publish","format-standard","has-post-thumbnail","hentry","category-centro-en-la-prensa"],"featured_image_url":"https:\/\/gobierno.udd.cl\/cpp\/files\/2019\/05\/Graficas_PoliticasPublicas-03.jpg","_links":{"self":[{"href":"https:\/\/gobierno.udd.cl\/cpp\/wp-json\/wp\/v2\/posts\/5109","targetHints":{"allow":["GET"]}}],"collection":[{"href":"https:\/\/gobierno.udd.cl\/cpp\/wp-json\/wp\/v2\/posts"}],"about":[{"href":"https:\/\/gobierno.udd.cl\/cpp\/wp-json\/wp\/v2\/types\/post"}],"replies":[{"embeddable":true,"href":"https:\/\/gobierno.udd.cl\/cpp\/wp-json\/wp\/v2\/comments?post=5109"}],"version-history":[{"count":0,"href":"https:\/\/gobierno.udd.cl\/cpp\/wp-json\/wp\/v2\/posts\/5109\/revisions"}],"wp:featuredmedia":[{"embeddable":true,"href":"https:\/\/gobierno.udd.cl\/cpp\/wp-json\/wp\/v2\/media\/4524"}],"wp:attachment":[{"href":"https:\/\/gobierno.udd.cl\/cpp\/wp-json\/wp\/v2\/media?parent=5109"}],"wp:term":[{"taxonomy":"category","embeddable":true,"href":"https:\/\/gobierno.udd.cl\/cpp\/wp-json\/wp\/v2\/categories?post=5109"},{"taxonomy":"post_tag","embeddable":true,"href":"https:\/\/gobierno.udd.cl\/cpp\/wp-json\/wp\/v2\/tags?post=5109"}],"curies":[{"name":"wp","href":"https:\/\/api.w.org\/{rel}","templated":true}]}}