{"id":5093,"date":"2019-10-24T09:23:20","date_gmt":"2019-10-24T12:23:20","guid":{"rendered":"http:\/\/gobierno.udd.cl\/cpp\/?p=5089"},"modified":"2019-10-24T09:23:20","modified_gmt":"2019-10-24T12:23:20","slug":"analisis-movimiento-social-bienvenidos-jueves-24-de-octubre-canal-13","status":"publish","type":"post","link":"https:\/\/gobierno.udd.cl\/cpp\/noticias\/2019\/10\/24\/analisis-movimiento-social-bienvenidos-jueves-24-de-octubre-canal-13\/","title":{"rendered":"An\u00e1lisis movimiento social: Bienvenidos (jueves 24 de octubre) &#8211; Canal 13"},"content":{"rendered":"<h3>Comentario tras perd\u00f3n del Ministro de Econom\u00eda por dichos tras alza de pasajes<\/h3>\n<p>El Ministro de Econom\u00eda se disculp\u00f3 hoy p\u00fablicamente por invitar a los chilenos a madrugar para optar a tarifa m\u00e1s baja en el transporte p\u00fablico.<\/p>\n<div style=\"width: 640px;\" class=\"wp-video\"><video class=\"wp-video-shortcode\" id=\"video-5093-1\" width=\"640\" height=\"360\" preload=\"metadata\" controls=\"controls\"><source type=\"video\/mp4\" src=\"http:\/\/conectamedia.s3.amazonaws.com\/a422171857f9437ee25ad5b556e98cc1.mp4?_=1\" \/><a href=\"http:\/\/conectamedia.s3.amazonaws.com\/a422171857f9437ee25ad5b556e98cc1.mp4\">http:\/\/conectamedia.s3.amazonaws.com\/a422171857f9437ee25ad5b556e98cc1.mp4<\/a><\/video><\/div>\n<p>&nbsp;<\/p>\n<h3>Gobierno confirma rebaja en cuentas de la luz<\/h3>\n<p>El estallido social ha presionado al Gobierno de Sebasti\u00e1n Pi\u00f1era, en realizar una cantidad de medidas para cambiar el actual modelo chileno. Una de ellas es la confirmaci\u00f3n de la rebaja en las cuentas de la luz. Distintos actores pol\u00edticos y analistas comentan de esta situaci\u00f3n nacional.<\/p>\n<div style=\"width: 640px;\" class=\"wp-video\"><video class=\"wp-video-shortcode\" id=\"video-5093-2\" width=\"640\" height=\"360\" preload=\"metadata\" controls=\"controls\"><source type=\"video\/mp4\" src=\"http:\/\/conectamedia.s3.amazonaws.com\/e47fd787ee887c35f72efec1c49bfbd7.mp4?_=2\" \/><a href=\"http:\/\/conectamedia.s3.amazonaws.com\/e47fd787ee887c35f72efec1c49bfbd7.mp4\">http:\/\/conectamedia.s3.amazonaws.com\/e47fd787ee887c35f72efec1c49bfbd7.mp4<\/a><\/video><\/div>\n<p>&nbsp;<\/p>\n<h3>Turba saquea hotel en Providencia<\/h3>\n<p>Un saqueo a un hotel en la comuna de Providencia se produjo ayer durante la tarde, donde una turba ingres\u00f3 al recinto y lo dej\u00f3 destruido.<\/p>\n<div style=\"width: 640px;\" class=\"wp-video\"><video class=\"wp-video-shortcode\" id=\"video-5093-3\" width=\"640\" height=\"360\" preload=\"metadata\" controls=\"controls\"><source type=\"video\/mp4\" src=\"http:\/\/conectamedia.s3.amazonaws.com\/863a65f18a58fa0a55c27c48deb2d82a.mp4?_=3\" \/><a href=\"http:\/\/conectamedia.s3.amazonaws.com\/863a65f18a58fa0a55c27c48deb2d82a.mp4\">http:\/\/conectamedia.s3.amazonaws.com\/863a65f18a58fa0a55c27c48deb2d82a.mp4<\/a><\/video><\/div>\n<p>&nbsp;<\/p>\n<h3>Millonarias p\u00e9rdidas en comunas por destrozos y robos<\/h3>\n<p>Una turba destuy\u00f3 las dependencias del Instituto Projazz. Uno de sus administrativos comentan sobre esta acci\u00f3n y la actual situaci\u00f3n en el pa\u00eds.<\/p>\n<div style=\"width: 640px;\" class=\"wp-video\"><video class=\"wp-video-shortcode\" id=\"video-5093-4\" width=\"640\" height=\"360\" preload=\"metadata\" controls=\"controls\"><source type=\"video\/mp4\" src=\"http:\/\/conectamedia.s3.amazonaws.com\/13b216a272037f02eea21e287ce146bb.mp4?_=4\" \/><a href=\"http:\/\/conectamedia.s3.amazonaws.com\/13b216a272037f02eea21e287ce146bb.mp4\">http:\/\/conectamedia.s3.amazonaws.com\/13b216a272037f02eea21e287ce146bb.mp4<\/a><\/video><\/div>\n<p>&nbsp;<\/p>\n<h3>Panelistas analizan la actual situaci\u00f3n pa\u00eds<\/h3>\n<p>El estallido social ha presionado al Gobierno de Sebasti\u00e1n Pi\u00f1era, en realizar una cantidad de medidas para cambiar el actual modelo chileno. Distintos actores pol\u00edticos y analistan comentan de esta situaci\u00f3n nacional.<\/p>\n<div style=\"width: 640px;\" class=\"wp-video\"><video class=\"wp-video-shortcode\" id=\"video-5093-5\" width=\"640\" height=\"360\" preload=\"metadata\" controls=\"controls\"><source type=\"video\/mp4\" src=\"http:\/\/conectamedia.s3.amazonaws.com\/d6faab2ff191a96a3c3f529d09dc696d.mp4?_=5\" \/><a href=\"http:\/\/conectamedia.s3.amazonaws.com\/d6faab2ff191a96a3c3f529d09dc696d.mp4\">http:\/\/conectamedia.s3.amazonaws.com\/d6faab2ff191a96a3c3f529d09dc696d.mp4<\/a><\/video><\/div>\n<p>&nbsp;<\/p>\n<h3>Entrevista a Jaime Ma\u00f1alich, ministro de Salud, sobre medidas de salud en torno a crisis<\/h3>\n<p>Con respecto a los anuncios realizados por el presidente Sebasti\u00e1n Pi\u00f1era en medio del estallido social, el Gobierno adem\u00e1s de regular el precio de los medicamentos, adem\u00e1s se pretende regula el sueldo de los ministros. De esto comenta el ministro de Salud, Jaime Ma\u00f1alich.<\/p>\n<div style=\"width: 640px;\" class=\"wp-video\"><video class=\"wp-video-shortcode\" id=\"video-5093-6\" width=\"640\" height=\"360\" preload=\"metadata\" controls=\"controls\"><source type=\"video\/mp4\" src=\"http:\/\/conectamedia.s3.amazonaws.com\/ce7978b5acbf7f5c6a02989a39b3c1fd.mp4?_=6\" \/><a href=\"http:\/\/conectamedia.s3.amazonaws.com\/ce7978b5acbf7f5c6a02989a39b3c1fd.mp4\">http:\/\/conectamedia.s3.amazonaws.com\/ce7978b5acbf7f5c6a02989a39b3c1fd.mp4<\/a><\/video><\/div>\n<p>&nbsp;<\/p>\n<h3>Qu\u00e9 medidas pondr\u00e1n fin a la crisis<\/h3>\n<p>El estallido social ha presionado al Gobierno de Sebasti\u00e1n Pi\u00f1era, en realizar una cantidad de medidas para cambiar el actual modelo chileno. Distintos actores pol\u00edticos y analistan comentan de esta situaci\u00f3n nacional.<\/p>\n<div style=\"width: 640px;\" class=\"wp-video\"><video class=\"wp-video-shortcode\" id=\"video-5093-7\" width=\"640\" height=\"360\" preload=\"metadata\" controls=\"controls\"><source type=\"video\/mp4\" src=\"http:\/\/conectamedia.s3.amazonaws.com\/6400431cf9e32490891a4da1f8af1c54.mp4?_=7\" \/><a href=\"http:\/\/conectamedia.s3.amazonaws.com\/6400431cf9e32490891a4da1f8af1c54.mp4\">http:\/\/conectamedia.s3.amazonaws.com\/6400431cf9e32490891a4da1f8af1c54.mp4<\/a><\/video><\/div>\n<p>&nbsp;<\/p>\n<h3>C\u00f3mo afecta la crisis a la salud mental de los chilenos<\/h3>\n<p>La actual situaci\u00f3n del pa\u00eds en medio de la crisis social, ha afectado directamente a la salud mental de los chilenos. Distintos analistas comentan sobre la actual situaci\u00f3n y la participaci\u00f3n de los medios de comunicaci\u00f3n.<\/p>\n<div style=\"width: 640px;\" class=\"wp-video\"><video class=\"wp-video-shortcode\" id=\"video-5093-8\" width=\"640\" height=\"360\" preload=\"metadata\" controls=\"controls\"><source type=\"video\/mp4\" src=\"http:\/\/conectamedia.s3.amazonaws.com\/61bb57f2941b97c57047546af7958766.mp4?_=8\" \/><a href=\"http:\/\/conectamedia.s3.amazonaws.com\/61bb57f2941b97c57047546af7958766.mp4\">http:\/\/conectamedia.s3.amazonaws.com\/61bb57f2941b97c57047546af7958766.mp4<\/a><\/video><\/div>\n<p>&nbsp;<\/p>\n<h3>Debate entorno a aprobaci\u00f3n de idea de legislar proyecto &#8217;40 horas&#8217;<\/h3>\n<p>La c\u00e1mara aprob\u00f3 la idea de legislar el proyecto de reducci\u00f3n de jornada laboral a 40 horas.<\/p>\n<div style=\"width: 640px;\" class=\"wp-video\"><video class=\"wp-video-shortcode\" id=\"video-5093-9\" width=\"640\" height=\"360\" preload=\"metadata\" controls=\"controls\"><source type=\"video\/mp4\" src=\"http:\/\/conectamedia.s3.amazonaws.com\/8e5bb6f9b9ffd14e3e8bb4b34bd747ac.mp4?_=9\" \/><a href=\"http:\/\/conectamedia.s3.amazonaws.com\/8e5bb6f9b9ffd14e3e8bb4b34bd747ac.mp4\">http:\/\/conectamedia.s3.amazonaws.com\/8e5bb6f9b9ffd14e3e8bb4b34bd747ac.mp4<\/a><\/video><\/div>\n<p>&nbsp;<\/p>\n<h3>Estallido Social en Chile: \u00bfCu\u00e1l es la salida?<\/h3>\n<p>Descontento social ha obligado a parlamentarios, Gobierno y representantes de la sociedad civil reunirse para entregar propuestas.<\/p>\n<div style=\"width: 640px;\" class=\"wp-video\"><video class=\"wp-video-shortcode\" id=\"video-5093-10\" width=\"640\" height=\"360\" preload=\"metadata\" controls=\"controls\"><source type=\"video\/mp4\" src=\"http:\/\/conectamedia.s3.amazonaws.com\/6cb3a48d0ca89741c972ac384bcbde38.mp4?_=10\" \/><a href=\"http:\/\/conectamedia.s3.amazonaws.com\/6cb3a48d0ca89741c972ac384bcbde38.mp4\">http:\/\/conectamedia.s3.amazonaws.com\/6cb3a48d0ca89741c972ac384bcbde38.mp4<\/a><\/video><\/div>\n<p>&nbsp;<\/p>\n<h3>Debate sobre soluciones a estallido social en Chile<\/h3>\n<p>Descontento social ha obligado a parlamentarios, Gobierno y representantes de la sociedad civil reunirse para entregar propuestas.<\/p>\n<div style=\"width: 640px;\" class=\"wp-video\"><video class=\"wp-video-shortcode\" id=\"video-5093-11\" width=\"640\" height=\"360\" preload=\"metadata\" controls=\"controls\"><source type=\"video\/mp4\" src=\"http:\/\/conectamedia.s3.amazonaws.com\/7896907183171094778ea71a1f564c22.mp4?_=11\" \/><a href=\"http:\/\/conectamedia.s3.amazonaws.com\/7896907183171094778ea71a1f564c22.mp4\">http:\/\/conectamedia.s3.amazonaws.com\/7896907183171094778ea71a1f564c22.mp4<\/a><\/video><\/div>\n<p>&nbsp;<\/p>\n<h3>Panel: Gonzalo M\u00fcller y Gabriel Boric sobre descontento social<\/h3>\n<p>Proyecto reducci\u00f3n jornada laboral a 40 horas. &#8211; Proyectos legislativos para paliar malestar social.<\/p>\n<div style=\"width: 640px;\" class=\"wp-video\"><video class=\"wp-video-shortcode\" id=\"video-5093-12\" width=\"640\" height=\"360\" preload=\"metadata\" controls=\"controls\"><source type=\"video\/mp4\" src=\"http:\/\/conectamedia.s3.amazonaws.com\/2c801996f7e048d1a125da76dbf73240.mp4?_=12\" \/><a href=\"http:\/\/conectamedia.s3.amazonaws.com\/2c801996f7e048d1a125da76dbf73240.mp4\">http:\/\/conectamedia.s3.amazonaws.com\/2c801996f7e048d1a125da76dbf73240.mp4<\/a><\/video><\/div>\n","protected":false},"excerpt":{"rendered":"<p>Comentario tras perd\u00f3n del Ministro de Econom\u00eda por dichos tras alza de pasajes El Ministro de Econom\u00eda se disculp\u00f3 hoy p\u00fablicamente por invitar a los chilenos a madrugar para optar a tarifa m\u00e1s baja en el transporte p\u00fablico. http:\/\/conectamedia.s3.amazonaws.com\/a422171857f9437ee25ad5b556e98cc1.mp4 &nbsp; Gobierno confirma rebaja en cuentas de la luz El estallido social ha presionado al Gobierno [&hellip;]<\/p>\n","protected":false},"author":0,"featured_media":4478,"comment_status":"open","ping_status":"open","sticky":false,"template":"","format":"standard","meta":{"footnotes":""},"categories":[10162],"tags":[],"class_list":["post-5093","post","type-post","status-publish","format-standard","has-post-thumbnail","hentry","category-centro-en-la-prensa"],"featured_image_url":"https:\/\/gobierno.udd.cl\/cpp\/files\/2019\/06\/Graficas_PoliticasPublicas-03.jpg","_links":{"self":[{"href":"https:\/\/gobierno.udd.cl\/cpp\/wp-json\/wp\/v2\/posts\/5093","targetHints":{"allow":["GET"]}}],"collection":[{"href":"https:\/\/gobierno.udd.cl\/cpp\/wp-json\/wp\/v2\/posts"}],"about":[{"href":"https:\/\/gobierno.udd.cl\/cpp\/wp-json\/wp\/v2\/types\/post"}],"replies":[{"embeddable":true,"href":"https:\/\/gobierno.udd.cl\/cpp\/wp-json\/wp\/v2\/comments?post=5093"}],"version-history":[{"count":0,"href":"https:\/\/gobierno.udd.cl\/cpp\/wp-json\/wp\/v2\/posts\/5093\/revisions"}],"wp:featuredmedia":[{"embeddable":true,"href":"https:\/\/gobierno.udd.cl\/cpp\/wp-json\/wp\/v2\/media\/4478"}],"wp:attachment":[{"href":"https:\/\/gobierno.udd.cl\/cpp\/wp-json\/wp\/v2\/media?parent=5093"}],"wp:term":[{"taxonomy":"category","embeddable":true,"href":"https:\/\/gobierno.udd.cl\/cpp\/wp-json\/wp\/v2\/categories?post=5093"},{"taxonomy":"post_tag","embeddable":true,"href":"https:\/\/gobierno.udd.cl\/cpp\/wp-json\/wp\/v2\/tags?post=5093"}],"curies":[{"name":"wp","href":"https:\/\/api.w.org\/{rel}","templated":true}]}}