{"id":5091,"date":"2019-10-27T08:40:27","date_gmt":"2019-10-27T11:40:27","guid":{"rendered":"http:\/\/gobierno.udd.cl\/cpp\/?p=5085"},"modified":"2019-10-27T08:40:27","modified_gmt":"2019-10-27T11:40:27","slug":"los-errores-de-manejo-en-el-gobierno-tras-multitudinarias-manifestaciones-tvn","status":"publish","type":"post","link":"https:\/\/gobierno.udd.cl\/cpp\/noticias\/2019\/10\/27\/los-errores-de-manejo-en-el-gobierno-tras-multitudinarias-manifestaciones-tvn\/","title":{"rendered":"Los errores de manejo en el gobierno tras multitudinarias manifestaciones &#8211; TVN"},"content":{"rendered":"<p><strong>Habla:<\/strong>\u00a0Mauricio Rojas, Exministro; Gonzalo M\u00fcller,\u00a0Analista pol\u00edtico; Sebasti\u00e1n Depolo, Soci\u00f3logo; Francisco Vidal, Exministro.<\/p>\n<div style=\"width: 640px;\" class=\"wp-video\"><video class=\"wp-video-shortcode\" id=\"video-5091-1\" width=\"640\" height=\"360\" preload=\"metadata\" controls=\"controls\"><source type=\"video\/mp4\" src=\"http:\/\/conectamedia.s3.amazonaws.com\/0c9844dcefeb7fbe7c3c9488faec31d2.mp4?_=1\" \/><a href=\"http:\/\/conectamedia.s3.amazonaws.com\/0c9844dcefeb7fbe7c3c9488faec31d2.mp4\">http:\/\/conectamedia.s3.amazonaws.com\/0c9844dcefeb7fbe7c3c9488faec31d2.mp4<\/a><\/video><\/div>\n","protected":false},"excerpt":{"rendered":"<p>Los panelistas hacen un balance de la semana en que se produjo el estallido social. Sebasti\u00e1n Depolo asegura que lo que uno escucha en las manifestaciones son demandas por los abusos en un sistema injusto y otra es s\u00faper clara sobre la incompetencia del gobierno. Adem\u00e1s, se refieren a las razones de por qu\u00e9 el Frente Amplio no particip\u00f3 del di\u00e1logo, de los cambios de la constituci\u00f3n y de la rebaja en la dieta parlamentaria. <\/p>\n","protected":false},"author":0,"featured_media":4478,"comment_status":"open","ping_status":"open","sticky":false,"template":"","format":"standard","meta":{"footnotes":""},"categories":[10162],"tags":[],"class_list":["post-5091","post","type-post","status-publish","format-standard","has-post-thumbnail","hentry","category-centro-en-la-prensa"],"featured_image_url":"https:\/\/gobierno.udd.cl\/cpp\/files\/2019\/06\/Graficas_PoliticasPublicas-03.jpg","_links":{"self":[{"href":"https:\/\/gobierno.udd.cl\/cpp\/wp-json\/wp\/v2\/posts\/5091","targetHints":{"allow":["GET"]}}],"collection":[{"href":"https:\/\/gobierno.udd.cl\/cpp\/wp-json\/wp\/v2\/posts"}],"about":[{"href":"https:\/\/gobierno.udd.cl\/cpp\/wp-json\/wp\/v2\/types\/post"}],"replies":[{"embeddable":true,"href":"https:\/\/gobierno.udd.cl\/cpp\/wp-json\/wp\/v2\/comments?post=5091"}],"version-history":[{"count":0,"href":"https:\/\/gobierno.udd.cl\/cpp\/wp-json\/wp\/v2\/posts\/5091\/revisions"}],"wp:featuredmedia":[{"embeddable":true,"href":"https:\/\/gobierno.udd.cl\/cpp\/wp-json\/wp\/v2\/media\/4478"}],"wp:attachment":[{"href":"https:\/\/gobierno.udd.cl\/cpp\/wp-json\/wp\/v2\/media?parent=5091"}],"wp:term":[{"taxonomy":"category","embeddable":true,"href":"https:\/\/gobierno.udd.cl\/cpp\/wp-json\/wp\/v2\/categories?post=5091"},{"taxonomy":"post_tag","embeddable":true,"href":"https:\/\/gobierno.udd.cl\/cpp\/wp-json\/wp\/v2\/tags?post=5091"}],"curies":[{"name":"wp","href":"https:\/\/api.w.org\/{rel}","templated":true}]}}