{"id":5088,"date":"2019-10-16T12:10:24","date_gmt":"2019-10-16T15:10:24","guid":{"rendered":"http:\/\/gobierno.udd.cl\/cpp\/?p=5074"},"modified":"2019-10-16T12:10:24","modified_gmt":"2019-10-16T15:10:24","slug":"gonzalo-muller-sobre-la-decision-pre-25-10-que-agobia-a-los-intendentes-si-van-a-renunciar-esperarian-que-no-hubiera-primarias-el-libero","status":"publish","type":"post","link":"https:\/\/gobierno.udd.cl\/cpp\/noticias\/2019\/10\/16\/gonzalo-muller-sobre-la-decision-pre-25-10-que-agobia-a-los-intendentes-si-van-a-renunciar-esperarian-que-no-hubiera-primarias-el-libero\/","title":{"rendered":"Gonzalo M\u00fcller sobre la decisi\u00f3n pre 25\/10 que agobia a los intendentes: Si van a renunciar esperar\u00edan que no hubiera primarias &#8211; El L\u00edbero"},"content":{"rendered":"<p style=\"text-align: justify;\">Nueve d\u00edas. Ese es el plazo que tienen las autoridades de gobierno que quieran competir en las elecciones regionales y municipales de 2020 para renunciar a sus cargos.<\/p>\n<p style=\"text-align: justify;\">Pero dentro de los partidos de Chile Vamos no se respira ning\u00fan apuro, pese a la inminencia del 25\/10. \u00bfQu\u00e9 hacer con los intendentes (el caso m\u00e1s visible es el de Karla Rubilar en Santiago) que tendr\u00e1n que renunciar sin que haya alg\u00fan acuerdo o metodolog\u00eda para dirimir al candidato \u00fanico del oficialismo? \u00bfDebieran simplemente \u00absaltar al vac\u00edo\u00bb?<\/p>\n<p style=\"text-align: justify;\">El analista pol\u00edtico de la UDD\u00a0<strong>Gonzalo M\u00fcller<\/strong>\u00a0asegura que este escenario sin definiciones en la coalici\u00f3n de gobierno \u00abhace m\u00e1s dif\u00edciles las decisiones que van a estar tomando los actores pol\u00edticos\u00bb. Adem\u00e1s explica que si los intendentes apuestan por dejar su cargo en el gobierno\u00a0<strong>\u00abesperar\u00edan que no hubiera primarias, porque desean contar con el apoyo del gobierno\u00bb.<\/strong><\/p>\n<p style=\"text-align: justify;\"><strong>-\u00bfVe opciones de que antes del 25 de octubre los partidos de Chile Vamos se inclinen por una definici\u00f3n en algunas regiones?<\/strong><\/p>\n<p style=\"text-align: justify;\">-Los que tienen obligaci\u00f3n de renunciar son aquellos que son autoridades, pero el resto no tiene ninguna obligaci\u00f3n, por lo tanto el plazo del 25 de octubre no corre para ellos. Todav\u00eda ni siquiera est\u00e1n abiertas las negociaciones entre los partidos respecto de c\u00f3mo van a definir los cupos cada una de las regiones. Hay alguna idea general que donde haya un candidato competitivo va a haber primaria, pero\u00a0<strong>lo que muchos intendentes est\u00e1n mirando, como la intendenta metropolitana, es que si ellos van a renunciar esperar\u00edan que no hubiera primaria, porque esperan contar con el apoyo del gobierno del que fueron parte y al que representaron como intendentes.<\/strong><\/p>\n<p style=\"text-align: justify;\"><strong>-El que a\u00fan no est\u00e9n abiertas las negociaciones entre los partidos, \u00bfdesgasta a las figuras?<\/strong><\/p>\n<p style=\"text-align: justify;\"><strong>-El que los partidos no tengan definiciones o reglas claras hace m\u00e1s dif\u00edciles las decisiones que van a estar tomando los distintos actores pol\u00edticos<\/strong>. Lo natural ser\u00eda que Chile Vamos tuviera una carta de navegaci\u00f3n respecto de c\u00f3mo va a definir las gobernaciones regionales y empezar a tomar decisiones. Esa coordinaci\u00f3n electoral fue una de las claves del triunfo el 2016 y 2017. El haber hecho la pega antes permiti\u00f3 tener muy tempranamente los candidatos, fue clave.\u00a0<strong>Y resulta que hoy d\u00eda vemos que se ha hecho de otra manera, no se aprecia la misma coordinaci\u00f3n ni conversaci\u00f3n de pol\u00edtica necesaria de los partidos.<\/strong><\/p>\n<p style=\"text-align: justify;\"><strong>-\u00bfLas autoridades de gobierno podr\u00edan \u00absaltar al vac\u00edo\u00bb sin un preacuerdo pol\u00edtico antes del 25 de octubre?<\/strong><\/p>\n<p style=\"text-align: justify;\">-Es bien riesgoso, pero tambi\u00e9n est\u00e1 el posicionamiento. O sea, creo que\u00a0<strong>ning\u00fan intendente va a renunciar si no es porque hubiera posibilidad de ganar<\/strong>. Eso les pone presi\u00f3n a los partidos, porque si ese intendente ve la posibilidad de ganar la regi\u00f3n, los partidos tienen que ver c\u00f3mo eligen mecanismos que favorezcan los liderazgos y no que los terminen perjudicando.<\/p>\n<p style=\"text-align: justify;\"><strong>-\u00bfO sea que primero deber\u00eda haber un \u00abcolch\u00f3n\u00bb para que los intendentes o las autoridades de gobierno tomen ese riesgo?<\/strong><\/p>\n<p style=\"text-align: justify;\">-Si hay un intendente que asegura ganar o es muy competitivo\u00a0<strong>los partidos debieran favorecer su tr\u00e1nsito hacia la candidatura \u00fanica y no entorpecerlo.<\/strong><\/p>\n<p style=\"text-align: justify;\"><strong>-Como se avizora el escenario hoy d\u00eda, \u00bfse podr\u00eda zanjar antes del 25 de octubre?<\/strong><\/p>\n<p style=\"text-align: justify;\">-Creo que varios de los intendentes est\u00e1n conversando con las distintas fuerzas pol\u00edticas para ver qu\u00e9 tan indispensable o necesaria es su candidatura y tambi\u00e9n si existe la posibilidad de ser candidato \u00fanico r\u00e1pidamente.<\/p>\n<p style=\"text-align: justify;\"><strong>-\u00bfCu\u00e1l debiera ser el rol que tome La Moneda?<\/strong><\/p>\n<p style=\"text-align: justify;\">-Recuerdo que el Presidente Sebasti\u00e1n Pi\u00f1era les plante\u00f3 a todos los intendentes que uno de los requisitos para asumir la intendencia era estar disponibles para ser candidatos. Obviamente que producto de su desempe\u00f1o, de su propia gesti\u00f3n, del escenario pol\u00edtico en cada regi\u00f3n, quiz\u00e1s no siempre el intendente es la mejor carta. Para el gobierno va a ser importante el apoyo, pero\u00a0<strong>el gobierno solo puede apoyar a cartas que de alguna manera no le generen divisi\u00f3n con sus partidos<\/strong>. Tambi\u00e9n es dif\u00edcil suponer que el gobierno va a poder ser muy neutral pensando que esos intendentes han trabajado para el gobierno durante m\u00e1s de dos a\u00f1os.<\/p>\n<p style=\"text-align: justify;\"><strong>-\u00bfC\u00f3mo ha visto la posici\u00f3n negociadora de la UDI? Una de las cr\u00edticas que ha surgido es que han levantado varios nombres y que no tienen el escenario claro.<\/strong><\/p>\n<p style=\"text-align: justify;\">\u2013<strong>Para cualquier partido la improvisaci\u00f3n de candidaturas siempre ha terminado mal;<\/strong>\u00a0sobre todo en las candidaturas uninominales se requiere un trabajo de largo plazo. Se va a producir un proceso de sinceramiento, creo yo,\u00a0<strong>de aqu\u00ed a diciembre, donde los partidos realmente van a ver donde s\u00ed tienen candidatos competitivos y donde no.<\/strong>\u00a0La coordinaci\u00f3n necesaria va a empujar a que donde no tengan candidatos apoyen a la carta m\u00e1s fuerte de la coalici\u00f3n y donde s\u00ed tengan candidatos existan primarias.<\/p>\n<p style=\"text-align: justify;\"><strong>-\u00bfY c\u00f3mo eval\u00faa que Ev\u00f3poli sea el partido m\u00e1s distante a la opci\u00f3n de generar primarias con el Partido Republicano?<\/strong><\/p>\n<p style=\"text-align: justify;\">-Uno tiene que mantener un discurso consistente;\u00a0<strong>Chile Vamos tiene un desaf\u00edo en el tema de ampliarse hacia el centro y tambi\u00e9n puede ser que necesita ampliarse hacia la derecha<\/strong>. Ahora, cualquier persona que quiera entrar a Chile Vamos tiene que saber que entra a una coalici\u00f3n que est\u00e1 en el gobierno, que tiene un mandato claro y una declaraci\u00f3n de principios. O sea tampoco es llegar y entrar de manera instrumental.\u00a0<strong>El fracaso de la Nueva Mayor\u00eda siempre debe estar presente, porque las coaliciones deben tener la amplitud de mente necesaria para tener un trabajo correcto en conjunto.<\/strong><\/p>\n<p style=\"text-align: justify;\"><strong>-Jos\u00e9 Antonio Kast valor\u00f3 la figura de Karla Rubilar y asegur\u00f3 que en el Partido Republicano est\u00e1n dispuestos a apoyarla en la elecci\u00f3n de gobernadora regional. \u00bfEso se podr\u00eda entender como un gesto hacia Chile Vamos?<\/strong><\/p>\n<p style=\"text-align: justify;\">-Tambi\u00e9n es un tema de realismo, porque como todo partido peque\u00f1o, en formaci\u00f3n, como en el caso de Republicanos, quiz\u00e1s no est\u00e1n disponibles para competir en todo Chile en igualdad de condiciones. Probablemente ellos van a hacer m\u00e1s presi\u00f3n por el Rojo Edwards para que compita en La Araucan\u00eda,\u00a0<strong>pero quiz\u00e1s no tienen candidatos para competir en todas las regiones<\/strong>. Tambi\u00e9n le pas\u00f3 al Frente Amplio en su minuto, le pas\u00f3 a Ev\u00f3poli,\u00a0<strong>es muy natural que se elija competir en ciertos nichos e ir creciendo de a poco.<\/strong><\/p>\n","protected":false},"excerpt":{"rendered":"<p>Nueve d\u00edas. Ese es el plazo que tienen las autoridades de gobierno que quieran competir en las elecciones regionales y municipales de 2020 para renunciar a sus cargos. Pero dentro de los partidos de Chile Vamos no se respira ning\u00fan apuro, pese a la inminencia del 25\/10. \u00bfQu\u00e9 hacer con los intendentes (el caso m\u00e1s [&hellip;]<\/p>\n","protected":false},"author":0,"featured_media":4478,"comment_status":"open","ping_status":"open","sticky":false,"template":"","format":"standard","meta":{"footnotes":""},"categories":[10162],"tags":[],"class_list":["post-5088","post","type-post","status-publish","format-standard","has-post-thumbnail","hentry","category-centro-en-la-prensa"],"featured_image_url":"https:\/\/gobierno.udd.cl\/cpp\/files\/2019\/06\/Graficas_PoliticasPublicas-03.jpg","_links":{"self":[{"href":"https:\/\/gobierno.udd.cl\/cpp\/wp-json\/wp\/v2\/posts\/5088","targetHints":{"allow":["GET"]}}],"collection":[{"href":"https:\/\/gobierno.udd.cl\/cpp\/wp-json\/wp\/v2\/posts"}],"about":[{"href":"https:\/\/gobierno.udd.cl\/cpp\/wp-json\/wp\/v2\/types\/post"}],"replies":[{"embeddable":true,"href":"https:\/\/gobierno.udd.cl\/cpp\/wp-json\/wp\/v2\/comments?post=5088"}],"version-history":[{"count":0,"href":"https:\/\/gobierno.udd.cl\/cpp\/wp-json\/wp\/v2\/posts\/5088\/revisions"}],"wp:featuredmedia":[{"embeddable":true,"href":"https:\/\/gobierno.udd.cl\/cpp\/wp-json\/wp\/v2\/media\/4478"}],"wp:attachment":[{"href":"https:\/\/gobierno.udd.cl\/cpp\/wp-json\/wp\/v2\/media?parent=5088"}],"wp:term":[{"taxonomy":"category","embeddable":true,"href":"https:\/\/gobierno.udd.cl\/cpp\/wp-json\/wp\/v2\/categories?post=5088"},{"taxonomy":"post_tag","embeddable":true,"href":"https:\/\/gobierno.udd.cl\/cpp\/wp-json\/wp\/v2\/tags?post=5088"}],"curies":[{"name":"wp","href":"https:\/\/api.w.org\/{rel}","templated":true}]}}