{"id":5085,"date":"2019-10-23T11:16:57","date_gmt":"2019-10-23T14:16:57","guid":{"rendered":"http:\/\/gobierno.udd.cl\/cpp\/?p=5068"},"modified":"2019-10-23T11:16:57","modified_gmt":"2019-10-23T14:16:57","slug":"debate-sobre-actual-situacion-del-pais-radio-agricultura","status":"publish","type":"post","link":"https:\/\/gobierno.udd.cl\/cpp\/noticias\/2019\/10\/23\/debate-sobre-actual-situacion-del-pais-radio-agricultura\/","title":{"rendered":"Debate sobre actual situaci\u00f3n del pa\u00eds &#8211; Radio Agricultura"},"content":{"rendered":"<p>Panelistas comentan los anuncios del pdte. de Pi\u00f1era, las manifestaciones sociales, las declaraciones de Luksic y el rol de los medios de comunicaci\u00f3n.<\/p>\n<p><strong>Habla:<\/strong>\u00a0<span class=\"highlight\">Gonzalo<\/span>\u00a0<span class=\"highlight\">Muller, Director Centro de Pol\u00edticas P\u00fablicas.\u00a0<\/span><\/p>\n<audio class=\"wp-audio-shortcode\" id=\"audio-5085-1\" preload=\"none\" style=\"width: 100%;\" controls=\"controls\"><source type=\"audio\/mpeg\" src=\"http:\/\/conectamedia.s3.amazonaws.com\/5de861bd6ddd82b220f926c4b9e6b2d4.mp3?_=1\" \/><a href=\"http:\/\/conectamedia.s3.amazonaws.com\/5de861bd6ddd82b220f926c4b9e6b2d4.mp3\">http:\/\/conectamedia.s3.amazonaws.com\/5de861bd6ddd82b220f926c4b9e6b2d4.mp3<\/a><\/audio>\n","protected":false},"excerpt":{"rendered":"<p>Panelistas comentan los anuncios del pdte. de Pi\u00f1era, las manifestaciones sociales, las declaraciones de Luksic y el rol de los medios de comunicaci\u00f3n. Habla:\u00a0Gonzalo\u00a0Muller, Director Centro de Pol\u00edticas P\u00fablicas.\u00a0<\/p>\n","protected":false},"author":0,"featured_media":4478,"comment_status":"open","ping_status":"open","sticky":false,"template":"","format":"standard","meta":{"footnotes":""},"categories":[10162],"tags":[],"class_list":["post-5085","post","type-post","status-publish","format-standard","has-post-thumbnail","hentry","category-centro-en-la-prensa"],"featured_image_url":"https:\/\/gobierno.udd.cl\/cpp\/files\/2019\/06\/Graficas_PoliticasPublicas-03.jpg","_links":{"self":[{"href":"https:\/\/gobierno.udd.cl\/cpp\/wp-json\/wp\/v2\/posts\/5085","targetHints":{"allow":["GET"]}}],"collection":[{"href":"https:\/\/gobierno.udd.cl\/cpp\/wp-json\/wp\/v2\/posts"}],"about":[{"href":"https:\/\/gobierno.udd.cl\/cpp\/wp-json\/wp\/v2\/types\/post"}],"replies":[{"embeddable":true,"href":"https:\/\/gobierno.udd.cl\/cpp\/wp-json\/wp\/v2\/comments?post=5085"}],"version-history":[{"count":0,"href":"https:\/\/gobierno.udd.cl\/cpp\/wp-json\/wp\/v2\/posts\/5085\/revisions"}],"wp:featuredmedia":[{"embeddable":true,"href":"https:\/\/gobierno.udd.cl\/cpp\/wp-json\/wp\/v2\/media\/4478"}],"wp:attachment":[{"href":"https:\/\/gobierno.udd.cl\/cpp\/wp-json\/wp\/v2\/media?parent=5085"}],"wp:term":[{"taxonomy":"category","embeddable":true,"href":"https:\/\/gobierno.udd.cl\/cpp\/wp-json\/wp\/v2\/categories?post=5085"},{"taxonomy":"post_tag","embeddable":true,"href":"https:\/\/gobierno.udd.cl\/cpp\/wp-json\/wp\/v2\/tags?post=5085"}],"curies":[{"name":"wp","href":"https:\/\/api.w.org\/{rel}","templated":true}]}}