{"id":5081,"date":"2019-10-22T14:37:11","date_gmt":"2019-10-22T17:37:11","guid":{"rendered":"http:\/\/gobierno.udd.cl\/cpp\/?p=5058"},"modified":"2019-10-22T14:37:11","modified_gmt":"2019-10-22T17:37:11","slug":"encuesta-udd-amplio-apoyo-a-declaracion-de-toque-de-queda-el-mercurio","status":"publish","type":"post","link":"https:\/\/gobierno.udd.cl\/cpp\/noticias\/2019\/10\/22\/encuesta-udd-amplio-apoyo-a-declaracion-de-toque-de-queda-el-mercurio\/","title":{"rendered":"Encuesta UDD: amplio apoyo a declaraci\u00f3n de toque de queda &#8211; El Mercurio"},"content":{"rendered":"<p style=\"text-align: justify;\">La\u00a0<span class=\"highlight\">Universidad<\/span>\u00a0<span class=\"highlight\">del<\/span>\u00a0<span class=\"highlight\">Desarrollo<\/span>\u00a0dio a conocer una encuesta respecto de las medidas tomadas por la autoridad para enfrentar los desmanes ocurridos en los \u00faltimos d\u00edas. A la pregunta \u201c\u00bfcree usted que el toque de queda es necesario, dada la situaci\u00f3n que se vive en las calles?\u201d, el 69,7% respondi\u00f3 afirmativamente, mientras que un 30,3% se mostr\u00f3 en desacuerdo.<\/p>\n<p style=\"text-align: justify;\">Tambi\u00e9n se consult\u00f3 a los encuestados \u201c\u00bfdeber\u00edan las fuerzas de orden actuar con m\u00e1s energ\u00eda frente a los saqueos?\u201d. Al respecto, el 74,7% se mostr\u00f3 de acuerdo; en tanto, un 21% lo hizo negativamente. Un 4,3% declar\u00f3 no saber.<\/p>\n<p style=\"text-align: justify;\">La tasa de respuesta fue de 936 casos, que corresponde a un margen de error de 3,2% a 95% de nivel de confianza. La encuesta fue realizada entre las 20:00 horas del domingo y las 14:00 horas de ayer. Consider\u00f3 a hombres y mujeres mayores de 18 a\u00f1os, residentes en la Regi\u00f3n Metropolitana.<\/p>\n<p style=\"text-align: justify;\">La selecci\u00f3n fue realizada a partir de un Muestreo Aleatorio Simple (MAS), prorrateado por cantidad de viviendas por comuna. Se trat\u00f3 de una encuesta panel, a cuyos participantes se les realiz\u00f3 una entrevista individual cara a cara.<\/p>\n<p style=\"text-align: justify;\">La primera declaraci\u00f3n de toque de queda en Santiago se declar\u00f3 el s\u00e1bado y se ha mantenido en vigencia los d\u00edas siguientes. El toque de queda ha estado en vigencia desde el s\u00e1bado en la Regi\u00f3n Metropolitana y en gran parte del pa\u00eds desde los d\u00edas siguientes.<\/p>\n<p><a href=\"https:\/\/gobierno.udd.cl\/files\/2019\/10\/encuesta-udd-toque-de-queda.jpg\"><img loading=\"lazy\" decoding=\"async\" class=\"size-medium wp-image-23350 aligncenter\" src=\"https:\/\/gobierno.udd.cl\/files\/2019\/10\/encuesta-udd-toque-de-queda-160x300.jpg\" alt=\"\" width=\"160\" height=\"300\" \/><\/a><\/p>\n","protected":false},"excerpt":{"rendered":"<p>La\u00a0Universidad\u00a0del\u00a0Desarrollo\u00a0dio a conocer una encuesta respecto de las medidas tomadas por la autoridad para enfrentar los desmanes ocurridos en los \u00faltimos d\u00edas. A la pregunta \u201c\u00bfcree usted que el toque de queda es necesario, dada la situaci\u00f3n que se vive en las calles?\u201d, el 69,7% respondi\u00f3 afirmativamente, mientras que un 30,3% se mostr\u00f3 en desacuerdo. [&hellip;]<\/p>\n","protected":false},"author":0,"featured_media":4478,"comment_status":"open","ping_status":"open","sticky":false,"template":"","format":"standard","meta":{"footnotes":""},"categories":[10162],"tags":[],"class_list":["post-5081","post","type-post","status-publish","format-standard","has-post-thumbnail","hentry","category-centro-en-la-prensa"],"featured_image_url":"https:\/\/gobierno.udd.cl\/cpp\/files\/2019\/06\/Graficas_PoliticasPublicas-03.jpg","_links":{"self":[{"href":"https:\/\/gobierno.udd.cl\/cpp\/wp-json\/wp\/v2\/posts\/5081","targetHints":{"allow":["GET"]}}],"collection":[{"href":"https:\/\/gobierno.udd.cl\/cpp\/wp-json\/wp\/v2\/posts"}],"about":[{"href":"https:\/\/gobierno.udd.cl\/cpp\/wp-json\/wp\/v2\/types\/post"}],"replies":[{"embeddable":true,"href":"https:\/\/gobierno.udd.cl\/cpp\/wp-json\/wp\/v2\/comments?post=5081"}],"version-history":[{"count":0,"href":"https:\/\/gobierno.udd.cl\/cpp\/wp-json\/wp\/v2\/posts\/5081\/revisions"}],"wp:featuredmedia":[{"embeddable":true,"href":"https:\/\/gobierno.udd.cl\/cpp\/wp-json\/wp\/v2\/media\/4478"}],"wp:attachment":[{"href":"https:\/\/gobierno.udd.cl\/cpp\/wp-json\/wp\/v2\/media?parent=5081"}],"wp:term":[{"taxonomy":"category","embeddable":true,"href":"https:\/\/gobierno.udd.cl\/cpp\/wp-json\/wp\/v2\/categories?post=5081"},{"taxonomy":"post_tag","embeddable":true,"href":"https:\/\/gobierno.udd.cl\/cpp\/wp-json\/wp\/v2\/tags?post=5081"}],"curies":[{"name":"wp","href":"https:\/\/api.w.org\/{rel}","templated":true}]}}