{"id":5079,"date":"2019-10-07T14:28:17","date_gmt":"2019-10-07T17:28:17","guid":{"rendered":"http:\/\/gobierno.udd.cl\/cpp\/?p=5052"},"modified":"2019-10-07T14:28:17","modified_gmt":"2019-10-07T17:28:17","slug":"panorama-politico-de-cara-a-proximas-elecciones-tele13-radio","status":"publish","type":"post","link":"https:\/\/gobierno.udd.cl\/cpp\/noticias\/2019\/10\/07\/panorama-politico-de-cara-a-proximas-elecciones-tele13-radio\/","title":{"rendered":"Panorama pol\u00edtico de cara a pr\u00f3ximas elecciones &#8211; Tele13 Radio"},"content":{"rendered":"<p><strong>Habla<\/strong>:\u00a0<span class=\"highlight\">Gonzalo<\/span>\u00a0<span class=\"highlight\">M\u00fcller<\/span>; Director Centro de Pol\u00edticas P\u00fablicas; Constanza Sch\u00f6nhaut, abogada, ex secretaria general Movimiento Autonomista.<\/p>\n<audio class=\"wp-audio-shortcode\" id=\"audio-5079-1\" preload=\"none\" style=\"width: 100%;\" controls=\"controls\"><source type=\"audio\/mpeg\" src=\"http:\/\/conectamedia.s3.amazonaws.com\/14376685d9591e6ef9073c591598e47c.mp3?_=1\" \/><a href=\"http:\/\/conectamedia.s3.amazonaws.com\/14376685d9591e6ef9073c591598e47c.mp3\">http:\/\/conectamedia.s3.amazonaws.com\/14376685d9591e6ef9073c591598e47c.mp3<\/a><\/audio>\n<h3><\/h3>\n","protected":false},"excerpt":{"rendered":"<p>Habla:\u00a0Gonzalo\u00a0M\u00fcller; Director Centro de Pol\u00edticas P\u00fablicas; Constanza Sch\u00f6nhaut, abogada, ex secretaria general Movimiento Autonomista. http:\/\/conectamedia.s3.amazonaws.com\/14376685d9591e6ef9073c591598e47c.mp3<\/p>\n","protected":false},"author":0,"featured_media":4478,"comment_status":"open","ping_status":"open","sticky":false,"template":"","format":"standard","meta":{"footnotes":""},"categories":[10162],"tags":[],"class_list":["post-5079","post","type-post","status-publish","format-standard","has-post-thumbnail","hentry","category-centro-en-la-prensa"],"featured_image_url":"https:\/\/gobierno.udd.cl\/cpp\/files\/2019\/06\/Graficas_PoliticasPublicas-03.jpg","_links":{"self":[{"href":"https:\/\/gobierno.udd.cl\/cpp\/wp-json\/wp\/v2\/posts\/5079","targetHints":{"allow":["GET"]}}],"collection":[{"href":"https:\/\/gobierno.udd.cl\/cpp\/wp-json\/wp\/v2\/posts"}],"about":[{"href":"https:\/\/gobierno.udd.cl\/cpp\/wp-json\/wp\/v2\/types\/post"}],"replies":[{"embeddable":true,"href":"https:\/\/gobierno.udd.cl\/cpp\/wp-json\/wp\/v2\/comments?post=5079"}],"version-history":[{"count":0,"href":"https:\/\/gobierno.udd.cl\/cpp\/wp-json\/wp\/v2\/posts\/5079\/revisions"}],"wp:featuredmedia":[{"embeddable":true,"href":"https:\/\/gobierno.udd.cl\/cpp\/wp-json\/wp\/v2\/media\/4478"}],"wp:attachment":[{"href":"https:\/\/gobierno.udd.cl\/cpp\/wp-json\/wp\/v2\/media?parent=5079"}],"wp:term":[{"taxonomy":"category","embeddable":true,"href":"https:\/\/gobierno.udd.cl\/cpp\/wp-json\/wp\/v2\/categories?post=5079"},{"taxonomy":"post_tag","embeddable":true,"href":"https:\/\/gobierno.udd.cl\/cpp\/wp-json\/wp\/v2\/tags?post=5079"}],"curies":[{"name":"wp","href":"https:\/\/api.w.org\/{rel}","templated":true}]}}