{"id":5078,"date":"2019-10-14T13:45:04","date_gmt":"2019-10-14T16:45:04","guid":{"rendered":"http:\/\/gobierno.udd.cl\/cpp\/?p=5049"},"modified":"2019-10-14T13:45:04","modified_gmt":"2019-10-14T16:45:04","slug":"se-complica-votacion-en-proyecto-de-modernizacion-tributaria-cnn","status":"publish","type":"post","link":"https:\/\/gobierno.udd.cl\/cpp\/noticias\/2019\/10\/14\/se-complica-votacion-en-proyecto-de-modernizacion-tributaria-cnn\/","title":{"rendered":"Se complica votaci\u00f3n en proyecto de modernizaci\u00f3n tributaria &#8211; CNN"},"content":{"rendered":"<p>Analista pol\u00edtico indica lo negativo que es para el gobierno la discordancia con la oposici\u00f3n y su misma bancada ,debido al momento clave que se vive en el senado y la c\u00e1mara de diputados con la discusi\u00f3n de proyectos emblem\u00e1ticos, como\u00a0 la modernizaci\u00f3n tributaria.<\/p>\n<p><strong>Habla:<\/strong>\u00a0<span class=\"highlight\">Gonzalo<\/span>\u00a0<span class=\"highlight\">M\u00fcller<\/span>, Director del Centro de Pol\u00edticas P\u00fablicas\u00a0<span class=\"highlight\">UDD<\/span>\u00a0.<\/p>\n<div style=\"width: 640px;\" class=\"wp-video\"><video class=\"wp-video-shortcode\" id=\"video-5078-1\" width=\"640\" height=\"360\" preload=\"metadata\" controls=\"controls\"><source type=\"video\/mp4\" src=\"http:\/\/conectamedia.s3.amazonaws.com\/d4e945b43ac60ab149124a94dd0d2988.mp4?_=1\" \/><a href=\"http:\/\/conectamedia.s3.amazonaws.com\/d4e945b43ac60ab149124a94dd0d2988.mp4\">http:\/\/conectamedia.s3.amazonaws.com\/d4e945b43ac60ab149124a94dd0d2988.mp4<\/a><\/video><\/div>\n","protected":false},"excerpt":{"rendered":"<p>Analista pol\u00edtico indica lo negativo que es para el gobierno la discordancia con la oposici\u00f3n y su misma bancada ,debido al momento clave que se vive en el senado y la c\u00e1mara de diputados con la discusi\u00f3n de proyectos emblem\u00e1ticos, como\u00a0 la modernizaci\u00f3n tributaria. Habla:\u00a0Gonzalo\u00a0M\u00fcller, Director del Centro de Pol\u00edticas P\u00fablicas\u00a0UDD\u00a0.<\/p>\n","protected":false},"author":0,"featured_media":4478,"comment_status":"open","ping_status":"open","sticky":false,"template":"","format":"standard","meta":{"footnotes":""},"categories":[10162],"tags":[],"class_list":["post-5078","post","type-post","status-publish","format-standard","has-post-thumbnail","hentry","category-centro-en-la-prensa"],"featured_image_url":"https:\/\/gobierno.udd.cl\/cpp\/files\/2019\/06\/Graficas_PoliticasPublicas-03.jpg","_links":{"self":[{"href":"https:\/\/gobierno.udd.cl\/cpp\/wp-json\/wp\/v2\/posts\/5078","targetHints":{"allow":["GET"]}}],"collection":[{"href":"https:\/\/gobierno.udd.cl\/cpp\/wp-json\/wp\/v2\/posts"}],"about":[{"href":"https:\/\/gobierno.udd.cl\/cpp\/wp-json\/wp\/v2\/types\/post"}],"replies":[{"embeddable":true,"href":"https:\/\/gobierno.udd.cl\/cpp\/wp-json\/wp\/v2\/comments?post=5078"}],"version-history":[{"count":0,"href":"https:\/\/gobierno.udd.cl\/cpp\/wp-json\/wp\/v2\/posts\/5078\/revisions"}],"wp:featuredmedia":[{"embeddable":true,"href":"https:\/\/gobierno.udd.cl\/cpp\/wp-json\/wp\/v2\/media\/4478"}],"wp:attachment":[{"href":"https:\/\/gobierno.udd.cl\/cpp\/wp-json\/wp\/v2\/media?parent=5078"}],"wp:term":[{"taxonomy":"category","embeddable":true,"href":"https:\/\/gobierno.udd.cl\/cpp\/wp-json\/wp\/v2\/categories?post=5078"},{"taxonomy":"post_tag","embeddable":true,"href":"https:\/\/gobierno.udd.cl\/cpp\/wp-json\/wp\/v2\/tags?post=5078"}],"curies":[{"name":"wp","href":"https:\/\/api.w.org\/{rel}","templated":true}]}}