{"id":5064,"date":"2019-10-07T09:35:52","date_gmt":"2019-10-07T12:35:52","guid":{"rendered":"http:\/\/gobierno.udd.cl\/cpp\/?p=5009"},"modified":"2019-10-07T09:35:52","modified_gmt":"2019-10-07T12:35:52","slug":"nuevo-denunciante-contra-trump-mega-plus","status":"publish","type":"post","link":"https:\/\/gobierno.udd.cl\/cpp\/noticias\/2019\/10\/07\/nuevo-denunciante-contra-trump-mega-plus\/","title":{"rendered":"Nuevo denunciante contra Trump &#8211; Mega Plus"},"content":{"rendered":"<p style=\"text-align: justify;\">Mientras se analiza un juicio pol\u00edtico en contra de Donald Trump, se ha\u00a0 ordenado al Pent\u00e1gono la entrega de documentos en donde se pruebe las presiones ejercidas por el mandatario en contra del gobierno de Ucrania, a lo que se suma un segundo denunciante an\u00f3nimo que pretende entregar m\u00e1s informaci\u00f3n.<\/p>\n<p style=\"text-align: justify;\"><strong>Habla:<\/strong>\u00a0<span class=\"highlight\">Guido<\/span>\u00a0<span class=\"highlight\">Larson<\/span>, Analista UDD.<\/p>\n<div style=\"width: 640px;\" class=\"wp-video\"><video class=\"wp-video-shortcode\" id=\"video-5064-1\" width=\"640\" height=\"360\" preload=\"metadata\" controls=\"controls\"><source type=\"video\/mp4\" src=\"http:\/\/conectamedia.s3.amazonaws.com\/b4935d4417ceb36fba511b0a8f504037.mp4?_=1\" \/><a href=\"http:\/\/conectamedia.s3.amazonaws.com\/b4935d4417ceb36fba511b0a8f504037.mp4\">http:\/\/conectamedia.s3.amazonaws.com\/b4935d4417ceb36fba511b0a8f504037.mp4<\/a><\/video><\/div>\n","protected":false},"excerpt":{"rendered":"<p>Mientras se analiza un juicio pol\u00edtico en contra de Donald Trump, se ha\u00a0 ordenado al Pent\u00e1gono la entrega de documentos en donde se pruebe las presiones ejercidas por el mandatario en contra del gobierno de Ucrania, a lo que se suma un segundo denunciante an\u00f3nimo que pretende entregar m\u00e1s informaci\u00f3n. Habla:\u00a0Guido\u00a0Larson, Analista UDD. http:\/\/conectamedia.s3.amazonaws.com\/b4935d4417ceb36fba511b0a8f504037.mp4<\/p>\n","protected":false},"author":0,"featured_media":4478,"comment_status":"open","ping_status":"open","sticky":false,"template":"","format":"standard","meta":{"footnotes":""},"categories":[10162],"tags":[],"class_list":["post-5064","post","type-post","status-publish","format-standard","has-post-thumbnail","hentry","category-centro-en-la-prensa"],"featured_image_url":"https:\/\/gobierno.udd.cl\/cpp\/files\/2019\/06\/Graficas_PoliticasPublicas-03.jpg","_links":{"self":[{"href":"https:\/\/gobierno.udd.cl\/cpp\/wp-json\/wp\/v2\/posts\/5064","targetHints":{"allow":["GET"]}}],"collection":[{"href":"https:\/\/gobierno.udd.cl\/cpp\/wp-json\/wp\/v2\/posts"}],"about":[{"href":"https:\/\/gobierno.udd.cl\/cpp\/wp-json\/wp\/v2\/types\/post"}],"replies":[{"embeddable":true,"href":"https:\/\/gobierno.udd.cl\/cpp\/wp-json\/wp\/v2\/comments?post=5064"}],"version-history":[{"count":0,"href":"https:\/\/gobierno.udd.cl\/cpp\/wp-json\/wp\/v2\/posts\/5064\/revisions"}],"wp:featuredmedia":[{"embeddable":true,"href":"https:\/\/gobierno.udd.cl\/cpp\/wp-json\/wp\/v2\/media\/4478"}],"wp:attachment":[{"href":"https:\/\/gobierno.udd.cl\/cpp\/wp-json\/wp\/v2\/media?parent=5064"}],"wp:term":[{"taxonomy":"category","embeddable":true,"href":"https:\/\/gobierno.udd.cl\/cpp\/wp-json\/wp\/v2\/categories?post=5064"},{"taxonomy":"post_tag","embeddable":true,"href":"https:\/\/gobierno.udd.cl\/cpp\/wp-json\/wp\/v2\/tags?post=5064"}],"curies":[{"name":"wp","href":"https:\/\/api.w.org\/{rel}","templated":true}]}}