{"id":5053,"date":"2019-10-03T08:53:18","date_gmt":"2019-10-03T11:53:18","guid":{"rendered":"http:\/\/gobierno.udd.cl\/cpp\/?p=4979"},"modified":"2019-10-03T08:53:18","modified_gmt":"2019-10-03T11:53:18","slug":"buena-racha-analisis-al-momentum-del-gobierno-tras-gira-presidencial-caso-cubillos-y-positivo-imacec-emol","status":"publish","type":"post","link":"https:\/\/gobierno.udd.cl\/cpp\/noticias\/2019\/10\/03\/buena-racha-analisis-al-momentum-del-gobierno-tras-gira-presidencial-caso-cubillos-y-positivo-imacec-emol\/","title":{"rendered":"\u00bfBuena racha? An\u00e1lisis al \u00abmomentum\u00bb del Gobierno tras gira presidencial, caso Cubillos y positivo Imacec &#8211; Emol"},"content":{"rendered":"<p style=\"text-align: justify;\">Su cuarto consejo de gabinete encabezar\u00e1 a las 18:30 horas de este jueves el Presidente Sebasti\u00e1n Pi\u00f1era, encuentro que se produce en medio de dos puntos altos para el Gobierno esta semana: el fracaso de la acusaci\u00f3n constitucional contra la ministra Marcela Cubillos y el alza de 3,7% del Imacec de agosto.<\/p>\n<p style=\"text-align: justify;\">Un escenario para el Ejecutivo que tambi\u00e9n incluye la gira del Mandatario a Estados Unidos, donde lider\u00f3 varios encuentros cuya tem\u00e1tica fue la defensa del medio ambiente y la lucha contra la crisis clim\u00e1tica en la ONU.<\/p>\n<p style=\"text-align: justify;\">En ese contexto, en La Moneda sacan cuentas alegres y hay quienes aseguran que esto repotencia la labor del comit\u00e9 pol\u00edtico, cuya gesti\u00f3n -en coordinaci\u00f3n con la de Cubillos- fue importante para sortear el libelo impulsado por la oposici\u00f3n. Incluso, algunos agregan que ni la salida de Felipe Salaberry de la Subdere pudo empa\u00f1ar el buen momento, ya que el tema fue controlado y superado.<\/p>\n<p style=\"text-align: justify;\">Pero en el oficialismo est\u00e1n conscientes de que este buen pasar debe mantenerse y para ello hay a\u00fan varias tareas por delante, algunas de las cuales Pi\u00f1era abordar\u00e1 con sus ministros esta tarde. As\u00ed, entre los temas a tratar est\u00e1n la ejecuci\u00f3n del Presupuesto 2020; una evaluaci\u00f3n de avances de agenda de aceleraci\u00f3n y reimpulso econ\u00f3mico; el plan de combate a la sequ\u00eda y la revisi\u00f3n del rol de ministerios en las cumbres de la Apec y la COP25.<\/p>\n<p style=\"text-align: justify;\"><strong>\u00bfImpacto en las encuestas?<\/strong><\/p>\n<p style=\"text-align: justify;\">\u00abEl Gobierno est\u00e1 celebrando m\u00e1s que un triunfo, un campeonato, es como mantener la categor\u00eda, no descender a segunda divisi\u00f3n\u00bb, metaforiz\u00f3 el docente de la Universidad de Talca, Mauricio Morales, en di\u00e1logo con Emol. Agreg\u00f3 que \u00absi se aprobaba la acusaci\u00f3n constitucional contra la ministra Cubillos y a la par sal\u00eda el subsecretario Salaberry de la Subdere (finalmente dej\u00f3 el cargo), eso implicaba una crisis mayor para el Gobierno\u00bb.<\/p>\n<p style=\"text-align: justify;\">En la misma l\u00ednea, el director del Centro de Pol\u00edticas P\u00fablicas de la Universidad del Desarrollo (UDD), Gonzalo M\u00fcller, opin\u00f3: \u00abEn el Gobierno hay la sensaci\u00f3n de un nuevo aire primaveral, de empezar a dejar atr\u00e1s un poco el invierno que fue duro para el Gobierno frente a la aprobaci\u00f3n ciudadana y las cifras macroecon\u00f3micas. De alguna manera este Imacec sorpresivamente alto y tambi\u00e9n la gesti\u00f3n pol\u00edtica asociada a la acusaci\u00f3n constitucional contra la ministra de Educaci\u00f3n, le abre un espacio para mirar con optimismo este cierre de a\u00f1o legislativo hasta enero\u00bb.<\/p>\n<p style=\"text-align: justify;\">En tanto que el acad\u00e9mico de la Universidad Diego Portales (UDP), Claudio Fuentes, sostuvo que lo que ocurra en las pr\u00f3ximas semanas \u00abva a depender mucho de hasta qu\u00e9 punto (el Gobierno) ocupa el capital pol\u00edtico que est\u00e1 teniendo ahora para aprobar otras reformas, como la tributaria y pensiones, y con las 40 horas. Es decir, hasta qu\u00e9 punto este Gobierno sigue con una estrategia de conseguir votos para avanzar en sus reformas\u00bb.<\/p>\n<p style=\"text-align: justify;\">Frente a esto, Fuentes cree que \u00aben el corto plazo eventualmente podr\u00eda haber alg\u00fan aumento (en las encuestas), pero yo creo que ya existe una condici\u00f3n estructural de apoyo de la opini\u00f3n p\u00fablica, no creo que salten las encuestas significativamente, porque eso ya depende de factores de m\u00e1s de mediano plazo, como que la econom\u00eda funcione\u00bb.<\/p>\n<p style=\"text-align: justify;\">\u00abEl Gobierno est\u00e1 pasando por su mejor momento, pero esto de nada va a servir si es que esto no se ve reflejado en las encuestas de opini\u00f3n que vamos a conocer en los pr\u00f3ximos d\u00edas\u00bb, complement\u00f3 Morales, agregando que si suben las cifras ser\u00e1n por el Imacec y la victoria de Cubillos.<\/p>\n<p style=\"text-align: justify;\">M\u00fcller complementa que la valoraci\u00f3n ciudadana es \u00abmuy susceptible a momentos (\u2026) pero lo relevante es c\u00f3mo se sostienen. M\u00e1s que una buena semana lo que hay que ir construyendo son buenos meses y, finalmente, una buena impresi\u00f3n general\u00bb.<\/p>\n<p style=\"text-align: justify;\">Altas fuentes de Gobierno descartan mayor impacto en los niveles de aprobaci\u00f3n e incluso coinciden con el diagn\u00f3stico en orden a que ya se estableci\u00f3 un piso de respaldo ciudadano que les permite gobernar.<\/p>\n<p style=\"text-align: justify;\"><strong>\u00bfC\u00f3mo mantenerse?<\/strong><\/p>\n<p style=\"text-align: justify;\">Los expertos coinciden en que la principal tarea es mantener el buen momento. As\u00ed, Fuentes indic\u00f3 que para ello el Ejecutivo \u00abtiene que tener un tono de di\u00e1logo con la oposici\u00f3n, dado que requiere ciertos votos; mantener una estrategia de confrontaci\u00f3n, de criticar al Gobierno por bloquear proyectos, no lo ayuda a aprobar proyectos\u00bb.<\/p>\n<p style=\"text-align: justify;\">Por su parte, M\u00fcller a\u00f1adi\u00f3 que si se \u00ablogra cuadrar el liderazgo medioambiental con \u00e9xito legislativo y mejores cifras macroecon\u00f3micas, sin duda que las caras van a cambiar de mayor alivio y una mirada positiva de lo que pueda ser el 2020\u00bb.<\/p>\n<p style=\"text-align: justify;\">Mientras que Morales apunta a la necesidad que tiene el Gobierno de \u00abconsolidar las cifras de crecimiento econ\u00f3mico en el tiempo, instalar proyectos de ley relevantes en la discusi\u00f3n p\u00fablica, siendo uno de los m\u00e1s importantes la reforma al sistema de pensiones; en tercer lugar, sacar adelante sin mucho conflicto pol\u00edtico la ley de Presupuesto; en cuarto lugar, definir si es que alg\u00fan ministro o subsecretario va ir como candidato a gobernador regional para aprovechar la \u00faltima semana de octubre para hacer un importante cambio de gabinete\u00bb.<\/p>\n","protected":false},"excerpt":{"rendered":"<p>Las opiniones son divididas respecto a si este \u00abaire primaveral\u00bb se ver\u00e1 reflejado en las encuestas, aunque los expertos creen que el tema principal es c\u00f3mo mantenerlo.<\/p>\n","protected":false},"author":0,"featured_media":4524,"comment_status":"open","ping_status":"open","sticky":false,"template":"","format":"standard","meta":{"footnotes":""},"categories":[10162],"tags":[],"class_list":["post-5053","post","type-post","status-publish","format-standard","has-post-thumbnail","hentry","category-centro-en-la-prensa"],"featured_image_url":"https:\/\/gobierno.udd.cl\/cpp\/files\/2019\/05\/Graficas_PoliticasPublicas-03.jpg","_links":{"self":[{"href":"https:\/\/gobierno.udd.cl\/cpp\/wp-json\/wp\/v2\/posts\/5053","targetHints":{"allow":["GET"]}}],"collection":[{"href":"https:\/\/gobierno.udd.cl\/cpp\/wp-json\/wp\/v2\/posts"}],"about":[{"href":"https:\/\/gobierno.udd.cl\/cpp\/wp-json\/wp\/v2\/types\/post"}],"replies":[{"embeddable":true,"href":"https:\/\/gobierno.udd.cl\/cpp\/wp-json\/wp\/v2\/comments?post=5053"}],"version-history":[{"count":0,"href":"https:\/\/gobierno.udd.cl\/cpp\/wp-json\/wp\/v2\/posts\/5053\/revisions"}],"wp:featuredmedia":[{"embeddable":true,"href":"https:\/\/gobierno.udd.cl\/cpp\/wp-json\/wp\/v2\/media\/4524"}],"wp:attachment":[{"href":"https:\/\/gobierno.udd.cl\/cpp\/wp-json\/wp\/v2\/media?parent=5053"}],"wp:term":[{"taxonomy":"category","embeddable":true,"href":"https:\/\/gobierno.udd.cl\/cpp\/wp-json\/wp\/v2\/categories?post=5053"},{"taxonomy":"post_tag","embeddable":true,"href":"https:\/\/gobierno.udd.cl\/cpp\/wp-json\/wp\/v2\/tags?post=5053"}],"curies":[{"name":"wp","href":"https:\/\/api.w.org\/{rel}","templated":true}]}}