{"id":5050,"date":"2019-09-25T10:45:19","date_gmt":"2019-09-25T13:45:19","guid":{"rendered":"http:\/\/gobierno.udd.cl\/cpp\/?p=4963"},"modified":"2019-09-25T10:45:19","modified_gmt":"2019-09-25T13:45:19","slug":"impeachment-a-trump-radio-el-conquistador","status":"publish","type":"post","link":"https:\/\/gobierno.udd.cl\/cpp\/noticias\/2019\/09\/25\/impeachment-a-trump-radio-el-conquistador\/","title":{"rendered":"Impeachment a Trump &#8211; Radio El Conquistador"},"content":{"rendered":"<p style=\"text-align: justify;\">Panelistas hablan sobre la investigaci\u00f3n para iniciar un proceso de juicio pol\u00edtico contra Trump. Esta iniciativa fue impulsada por la presidenta de la C\u00e1mara de Representantes, Nancy Pelosi.<\/p>\n<p style=\"text-align: justify;\"><strong>Habla:<\/strong>\u00a0<span class=\"highlight\">Guido<\/span>\u00a0<span class=\"highlight\">Larson<\/span>, academico UDDMenci\u00f3n:Universidad del Desarrollo.<\/p>\n<audio class=\"wp-audio-shortcode\" id=\"audio-5050-1\" preload=\"none\" style=\"width: 100%;\" controls=\"controls\"><source type=\"audio\/mpeg\" src=\"http:\/\/conectamedia.s3.amazonaws.com\/9bac26b5d40bbddec53e58ee3f5ddd33.mp3?_=1\" \/><a href=\"http:\/\/conectamedia.s3.amazonaws.com\/9bac26b5d40bbddec53e58ee3f5ddd33.mp3\">http:\/\/conectamedia.s3.amazonaws.com\/9bac26b5d40bbddec53e58ee3f5ddd33.mp3<\/a><\/audio>\n","protected":false},"excerpt":{"rendered":"<p>Panelistas hablan sobre la investigaci\u00f3n para iniciar un proceso de juicio pol\u00edtico contra Trump. Esta iniciativa fue impulsada por la presidenta de la C\u00e1mara de Representantes, Nancy Pelosi. Habla:\u00a0Guido\u00a0Larson, academico UDDMenci\u00f3n:Universidad del Desarrollo. http:\/\/conectamedia.s3.amazonaws.com\/9bac26b5d40bbddec53e58ee3f5ddd33.mp3<\/p>\n","protected":false},"author":0,"featured_media":0,"comment_status":"open","ping_status":"open","sticky":false,"template":"","format":"standard","meta":{"footnotes":""},"categories":[10162],"tags":[],"class_list":["post-5050","post","type-post","status-publish","format-standard","hentry","category-centro-en-la-prensa"],"featured_image_url":null,"_links":{"self":[{"href":"https:\/\/gobierno.udd.cl\/cpp\/wp-json\/wp\/v2\/posts\/5050","targetHints":{"allow":["GET"]}}],"collection":[{"href":"https:\/\/gobierno.udd.cl\/cpp\/wp-json\/wp\/v2\/posts"}],"about":[{"href":"https:\/\/gobierno.udd.cl\/cpp\/wp-json\/wp\/v2\/types\/post"}],"replies":[{"embeddable":true,"href":"https:\/\/gobierno.udd.cl\/cpp\/wp-json\/wp\/v2\/comments?post=5050"}],"version-history":[{"count":0,"href":"https:\/\/gobierno.udd.cl\/cpp\/wp-json\/wp\/v2\/posts\/5050\/revisions"}],"wp:attachment":[{"href":"https:\/\/gobierno.udd.cl\/cpp\/wp-json\/wp\/v2\/media?parent=5050"}],"wp:term":[{"taxonomy":"category","embeddable":true,"href":"https:\/\/gobierno.udd.cl\/cpp\/wp-json\/wp\/v2\/categories?post=5050"},{"taxonomy":"post_tag","embeddable":true,"href":"https:\/\/gobierno.udd.cl\/cpp\/wp-json\/wp\/v2\/tags?post=5050"}],"curies":[{"name":"wp","href":"https:\/\/api.w.org\/{rel}","templated":true}]}}