{"id":5049,"date":"2019-09-23T10:41:51","date_gmt":"2019-09-23T13:41:51","guid":{"rendered":"http:\/\/gobierno.udd.cl\/cpp\/?p=4961"},"modified":"2019-09-23T10:41:51","modified_gmt":"2019-09-23T13:41:51","slug":"expertos-conversan-sobre-los-temas-mas-destacados-de-la-coyuntura-nacional-mega-plus-tv","status":"publish","type":"post","link":"https:\/\/gobierno.udd.cl\/cpp\/noticias\/2019\/09\/23\/expertos-conversan-sobre-los-temas-mas-destacados-de-la-coyuntura-nacional-mega-plus-tv\/","title":{"rendered":"Expertos conversan sobre los temas m\u00e1s destacados de la coyuntura nacional &#8211; Mega Plus TV"},"content":{"rendered":"<div class=\"wrapper row-offcanvas row-offcanvas-left\">\n<aside class=\"right-side strech\">\n<section class=\"content\">\n<div class=\"box\">\n<div class=\"box-body\">\n<div class=\"row\">\n<div class=\"col-md-6\">\n<p style=\"text-align: justify;\">Expertos conversan sobre los temas m\u00e1s destacados de la coyuntura nacional.<\/p>\n<p style=\"text-align: justify;\"><strong>Habla:<\/strong> Gonzalo M\u00fcller, acad\u00e9mico de la Facultad de Gobierno\u00a0<span class=\"highlight\">UDD<\/span>; Jorge Navarrete, abogado y columnista\u00a0\u00a0Menci\u00f3n: Cop25;\u00a0<span class=\"highlight\">Universidad<\/span>\u00a0<span class=\"highlight\">del<\/span>\u00a0<span class=\"highlight\">Desarrollo.<\/span><\/p>\n<div style=\"width: 640px;\" class=\"wp-video\"><video class=\"wp-video-shortcode\" id=\"video-5049-1\" width=\"640\" height=\"360\" preload=\"metadata\" controls=\"controls\"><source type=\"video\/mp4\" src=\"http:\/\/conectamedia.s3.amazonaws.com\/0de7f8c44b1ff65b2441f41a7788d5c8.mp4?_=1\" \/><a href=\"http:\/\/conectamedia.s3.amazonaws.com\/0de7f8c44b1ff65b2441f41a7788d5c8.mp4\">http:\/\/conectamedia.s3.amazonaws.com\/0de7f8c44b1ff65b2441f41a7788d5c8.mp4<\/a><\/video><\/div>\n<\/div>\n<\/div>\n<\/div>\n<\/div>\n<\/section>\n<\/aside>\n<\/div>\n","protected":false},"excerpt":{"rendered":"<p>Expertos conversan sobre los temas m\u00e1s destacados de la coyuntura nacional. Habla: Gonzalo M\u00fcller, acad\u00e9mico de la Facultad de Gobierno\u00a0UDD; Jorge Navarrete, abogado y columnista\u00a0\u00a0Menci\u00f3n: Cop25;\u00a0Universidad\u00a0del\u00a0Desarrollo. http:\/\/conectamedia.s3.amazonaws.com\/0de7f8c44b1ff65b2441f41a7788d5c8.mp4<\/p>\n","protected":false},"author":0,"featured_media":4478,"comment_status":"open","ping_status":"open","sticky":false,"template":"","format":"standard","meta":{"footnotes":""},"categories":[10162],"tags":[],"class_list":["post-5049","post","type-post","status-publish","format-standard","has-post-thumbnail","hentry","category-centro-en-la-prensa"],"featured_image_url":"https:\/\/gobierno.udd.cl\/cpp\/files\/2019\/06\/Graficas_PoliticasPublicas-03.jpg","_links":{"self":[{"href":"https:\/\/gobierno.udd.cl\/cpp\/wp-json\/wp\/v2\/posts\/5049","targetHints":{"allow":["GET"]}}],"collection":[{"href":"https:\/\/gobierno.udd.cl\/cpp\/wp-json\/wp\/v2\/posts"}],"about":[{"href":"https:\/\/gobierno.udd.cl\/cpp\/wp-json\/wp\/v2\/types\/post"}],"replies":[{"embeddable":true,"href":"https:\/\/gobierno.udd.cl\/cpp\/wp-json\/wp\/v2\/comments?post=5049"}],"version-history":[{"count":0,"href":"https:\/\/gobierno.udd.cl\/cpp\/wp-json\/wp\/v2\/posts\/5049\/revisions"}],"wp:featuredmedia":[{"embeddable":true,"href":"https:\/\/gobierno.udd.cl\/cpp\/wp-json\/wp\/v2\/media\/4478"}],"wp:attachment":[{"href":"https:\/\/gobierno.udd.cl\/cpp\/wp-json\/wp\/v2\/media?parent=5049"}],"wp:term":[{"taxonomy":"category","embeddable":true,"href":"https:\/\/gobierno.udd.cl\/cpp\/wp-json\/wp\/v2\/categories?post=5049"},{"taxonomy":"post_tag","embeddable":true,"href":"https:\/\/gobierno.udd.cl\/cpp\/wp-json\/wp\/v2\/tags?post=5049"}],"curies":[{"name":"wp","href":"https:\/\/api.w.org\/{rel}","templated":true}]}}