{"id":5047,"date":"2019-09-25T10:33:15","date_gmt":"2019-09-25T13:33:15","guid":{"rendered":"http:\/\/gobierno.udd.cl\/cpp\/?p=4957"},"modified":"2019-09-25T10:33:15","modified_gmt":"2019-09-25T13:33:15","slug":"entrevista-a-guido-larson-academico-udd-sobre-la-trama-ucraniana-de-trump-mega-plus-tv","status":"publish","type":"post","link":"https:\/\/gobierno.udd.cl\/cpp\/noticias\/2019\/09\/25\/entrevista-a-guido-larson-academico-udd-sobre-la-trama-ucraniana-de-trump-mega-plus-tv\/","title":{"rendered":"Entrevista a Guido Larson, Acad\u00e9mico UDD, sobre la trama ucraniana de Trump &#8211; Mega Plus TV"},"content":{"rendered":"<p style=\"text-align: justify;\"><span class=\"highlight\">Guido<\/span>\u00a0<span class=\"highlight\">Larson<\/span>, Acad\u00e9mico UDD, analiza el juicio pol\u00edtico que se abri\u00f3 con el Presidente de Estados Unidos, luego de darse a conocer la llamada del estadounidense al mandatario de Ucrania.<\/p>\n<p style=\"text-align: justify;\"><strong>Habla:<\/strong>\u00a0<span class=\"highlight\">Guido<\/span>\u00a0<span class=\"highlight\">Larson<\/span>, Acad\u00e9mico UDD. Menci\u00f3n:\u00a0Universidad de Desarollo.<\/p>\n<div style=\"width: 640px;\" class=\"wp-video\"><video class=\"wp-video-shortcode\" id=\"video-5047-1\" width=\"640\" height=\"360\" preload=\"metadata\" controls=\"controls\"><source type=\"video\/mp4\" src=\"http:\/\/conectamedia.s3.amazonaws.com\/30b66e94122facbe455021b510e020af.mp4?_=1\" \/><a href=\"http:\/\/conectamedia.s3.amazonaws.com\/30b66e94122facbe455021b510e020af.mp4\">http:\/\/conectamedia.s3.amazonaws.com\/30b66e94122facbe455021b510e020af.mp4<\/a><\/video><\/div>\n","protected":false},"excerpt":{"rendered":"<p>Guido\u00a0Larson, Acad\u00e9mico UDD, analiza el juicio pol\u00edtico que se abri\u00f3 con el Presidente de Estados Unidos, luego de darse a conocer la llamada del estadounidense al mandatario de Ucrania. Habla:\u00a0Guido\u00a0Larson, Acad\u00e9mico UDD. Menci\u00f3n:\u00a0Universidad de Desarollo. http:\/\/conectamedia.s3.amazonaws.com\/30b66e94122facbe455021b510e020af.mp4<\/p>\n","protected":false},"author":0,"featured_media":4524,"comment_status":"open","ping_status":"open","sticky":false,"template":"","format":"standard","meta":{"footnotes":""},"categories":[10162],"tags":[],"class_list":["post-5047","post","type-post","status-publish","format-standard","has-post-thumbnail","hentry","category-centro-en-la-prensa"],"featured_image_url":"https:\/\/gobierno.udd.cl\/cpp\/files\/2019\/05\/Graficas_PoliticasPublicas-03.jpg","_links":{"self":[{"href":"https:\/\/gobierno.udd.cl\/cpp\/wp-json\/wp\/v2\/posts\/5047","targetHints":{"allow":["GET"]}}],"collection":[{"href":"https:\/\/gobierno.udd.cl\/cpp\/wp-json\/wp\/v2\/posts"}],"about":[{"href":"https:\/\/gobierno.udd.cl\/cpp\/wp-json\/wp\/v2\/types\/post"}],"replies":[{"embeddable":true,"href":"https:\/\/gobierno.udd.cl\/cpp\/wp-json\/wp\/v2\/comments?post=5047"}],"version-history":[{"count":0,"href":"https:\/\/gobierno.udd.cl\/cpp\/wp-json\/wp\/v2\/posts\/5047\/revisions"}],"wp:featuredmedia":[{"embeddable":true,"href":"https:\/\/gobierno.udd.cl\/cpp\/wp-json\/wp\/v2\/media\/4524"}],"wp:attachment":[{"href":"https:\/\/gobierno.udd.cl\/cpp\/wp-json\/wp\/v2\/media?parent=5047"}],"wp:term":[{"taxonomy":"category","embeddable":true,"href":"https:\/\/gobierno.udd.cl\/cpp\/wp-json\/wp\/v2\/categories?post=5047"},{"taxonomy":"post_tag","embeddable":true,"href":"https:\/\/gobierno.udd.cl\/cpp\/wp-json\/wp\/v2\/tags?post=5047"}],"curies":[{"name":"wp","href":"https:\/\/api.w.org\/{rel}","templated":true}]}}