{"id":4968,"date":"2019-10-08T11:38:02","date_gmt":"2019-10-08T14:38:02","guid":{"rendered":"http:\/\/gobierno.udd.cl\/cpp\/?p=4968"},"modified":"2019-10-08T11:38:02","modified_gmt":"2019-10-08T14:38:02","slug":"documento-cpp-analisis-n35-agosto-el-sistema-de-partidos-en-chile-un-espejo-demografico","status":"publish","type":"post","link":"https:\/\/gobierno.udd.cl\/cpp\/noticias\/2019\/10\/08\/documento-cpp-analisis-n35-agosto-el-sistema-de-partidos-en-chile-un-espejo-demografico\/","title":{"rendered":"Documento CPP An\u00e1lisis n\u00b035 \u2013 agosto: \u201cEl sistema de partidos en Chile: \u00bfun espejo demogr\u00e1fico?"},"content":{"rendered":"<p style=\"text-align: justify;\"><strong>Resumen<\/strong><\/p>\n<p style=\"text-align: justify;\"><strong><u>El desaf\u00edo demogr\u00e1fico de los partidos pol\u00edticos<\/u><\/strong><\/p>\n<p style=\"text-align: justify;\">El padr\u00f3n de militantes de los partidos pol\u00edticos aporta informaci\u00f3n relevante para el an\u00e1lisis de la pol\u00edtica y las pol\u00edticas p\u00fablicas. El contraste entre el padr\u00f3n de militantes y otras fuentes de informaci\u00f3n como el censo, el padr\u00f3n electoral y el padr\u00f3n de votantes efectivos, evidencia diferencias relevantes que pueden tener impacto presente y futuro en las decisiones p\u00fablicas.<\/p>\n<p>Revisa el documento completo <a href=\"http:\/\/gobierno.udd.cl\/cpp\/files\/2019\/10\/analisis-no35.-el-desafio-demografico-ok-1.pdf\">aqu\u00ed<\/a><\/p>\n<p style=\"text-align: justify;\"><strong>Por:<\/strong><\/p>\n<ul>\n<li style=\"text-align: justify;\">Eugenio Guzm\u00e1n<\/li>\n<li style=\"text-align: justify;\">Francisco Guzm\u00e1n<\/li>\n<li style=\"text-align: justify;\">Miguel \u00c1ngel Fern\u00e1ndez<\/li>\n<li style=\"text-align: justify;\">Ernesto Silva<\/li>\n<\/ul>\n","protected":false},"excerpt":{"rendered":"<p>Resumen El desaf\u00edo demogr\u00e1fico de los partidos pol\u00edticos El padr\u00f3n de militantes de los partidos pol\u00edticos aporta informaci\u00f3n relevante para el an\u00e1lisis de la pol\u00edtica y las pol\u00edticas p\u00fablicas. El contraste entre el padr\u00f3n de militantes y otras fuentes de informaci\u00f3n como el censo, el padr\u00f3n electoral y el padr\u00f3n de votantes efectivos, evidencia diferencias [&hellip;]<\/p>\n","protected":false},"author":0,"featured_media":2863,"comment_status":"open","ping_status":"open","sticky":false,"template":"","format":"standard","meta":{"footnotes":""},"categories":[11832],"tags":[],"class_list":["post-4968","post","type-post","status-publish","format-standard","has-post-thumbnail","hentry","category-analisis-centro-de-politicas-publicas"],"featured_image_url":"https:\/\/gobierno.udd.cl\/cpp\/files\/2017\/04\/analisis2.png","_links":{"self":[{"href":"https:\/\/gobierno.udd.cl\/cpp\/wp-json\/wp\/v2\/posts\/4968","targetHints":{"allow":["GET"]}}],"collection":[{"href":"https:\/\/gobierno.udd.cl\/cpp\/wp-json\/wp\/v2\/posts"}],"about":[{"href":"https:\/\/gobierno.udd.cl\/cpp\/wp-json\/wp\/v2\/types\/post"}],"replies":[{"embeddable":true,"href":"https:\/\/gobierno.udd.cl\/cpp\/wp-json\/wp\/v2\/comments?post=4968"}],"version-history":[{"count":0,"href":"https:\/\/gobierno.udd.cl\/cpp\/wp-json\/wp\/v2\/posts\/4968\/revisions"}],"wp:featuredmedia":[{"embeddable":true,"href":"https:\/\/gobierno.udd.cl\/cpp\/wp-json\/wp\/v2\/media\/2863"}],"wp:attachment":[{"href":"https:\/\/gobierno.udd.cl\/cpp\/wp-json\/wp\/v2\/media?parent=4968"}],"wp:term":[{"taxonomy":"category","embeddable":true,"href":"https:\/\/gobierno.udd.cl\/cpp\/wp-json\/wp\/v2\/categories?post=4968"},{"taxonomy":"post_tag","embeddable":true,"href":"https:\/\/gobierno.udd.cl\/cpp\/wp-json\/wp\/v2\/tags?post=4968"}],"curies":[{"name":"wp","href":"https:\/\/api.w.org\/{rel}","templated":true}]}}