{"id":4912,"date":"2019-09-10T09:12:15","date_gmt":"2019-09-10T12:12:15","guid":{"rendered":"http:\/\/gobierno.udd.cl\/cpp\/?p=4912"},"modified":"2019-09-25T09:17:10","modified_gmt":"2019-09-25T12:17:10","slug":"entrevista-a-ernesto-silva-academico-udd-sobre-el-temor-empresarial-sobre-la-cop-25-radio-agricultura","status":"publish","type":"post","link":"https:\/\/gobierno.udd.cl\/cpp\/noticias\/2019\/09\/10\/entrevista-a-ernesto-silva-academico-udd-sobre-el-temor-empresarial-sobre-la-cop-25-radio-agricultura\/","title":{"rendered":"Entrevista a Ernesto Silva, Acad\u00e9mico UDD, sobre el temor empresarial sobre la COP 25 &#8211; Radio Agricultura"},"content":{"rendered":"<p>Ernesto Silva, Acad\u00e9mico\u00a0<span class=\"highlight\">UDD<\/span>, se refiere a la pol\u00e9mica que se ha suscitado en el mundo empresarial, pues hay algunos que ven con temor la participaci\u00f3n activa de los empresarios en la COP 25, sin saber cu\u00e1les son las conclusiones a las que se llegar\u00e1 en la cumbre y cu\u00e1nto pueden afectar al crecimiento econ\u00f3mico.<\/p>\n<p><strong>Habla:<\/strong> Ernesto Silva, Acad\u00e9mico\u00a0<span class=\"highlight\">UDD<\/span><\/p>\n<audio class=\"wp-audio-shortcode\" id=\"audio-4912-1\" preload=\"none\" style=\"width: 100%;\" controls=\"controls\"><source type=\"audio\/mpeg\" src=\"http:\/\/conectamedia.s3.amazonaws.com\/cb283487f04dcb2c46a0ccb3fa5fa9bf.mp3?_=1\" \/><a href=\"http:\/\/conectamedia.s3.amazonaws.com\/cb283487f04dcb2c46a0ccb3fa5fa9bf.mp3\">http:\/\/conectamedia.s3.amazonaws.com\/cb283487f04dcb2c46a0ccb3fa5fa9bf.mp3<\/a><\/audio>\n","protected":false},"excerpt":{"rendered":"<p>Ernesto Silva, Acad\u00e9mico\u00a0UDD, se refiere a la pol\u00e9mica que se ha suscitado en el mundo empresarial, pues hay algunos que ven con temor la participaci\u00f3n activa de los empresarios en la COP 25, sin saber cu\u00e1les son las conclusiones a las que se llegar\u00e1 en la cumbre y cu\u00e1nto pueden afectar al crecimiento econ\u00f3mico. Habla: [&hellip;]<\/p>\n","protected":false},"author":22,"featured_media":4524,"comment_status":"open","ping_status":"open","sticky":false,"template":"","format":"standard","meta":{"footnotes":""},"categories":[10162],"tags":[],"class_list":["post-4912","post","type-post","status-publish","format-standard","has-post-thumbnail","hentry","category-centro-en-la-prensa"],"featured_image_url":"https:\/\/gobierno.udd.cl\/cpp\/files\/2019\/05\/Graficas_PoliticasPublicas-03.jpg","_links":{"self":[{"href":"https:\/\/gobierno.udd.cl\/cpp\/wp-json\/wp\/v2\/posts\/4912","targetHints":{"allow":["GET"]}}],"collection":[{"href":"https:\/\/gobierno.udd.cl\/cpp\/wp-json\/wp\/v2\/posts"}],"about":[{"href":"https:\/\/gobierno.udd.cl\/cpp\/wp-json\/wp\/v2\/types\/post"}],"author":[{"embeddable":true,"href":"https:\/\/gobierno.udd.cl\/cpp\/wp-json\/wp\/v2\/users\/22"}],"replies":[{"embeddable":true,"href":"https:\/\/gobierno.udd.cl\/cpp\/wp-json\/wp\/v2\/comments?post=4912"}],"version-history":[{"count":1,"href":"https:\/\/gobierno.udd.cl\/cpp\/wp-json\/wp\/v2\/posts\/4912\/revisions"}],"predecessor-version":[{"id":4913,"href":"https:\/\/gobierno.udd.cl\/cpp\/wp-json\/wp\/v2\/posts\/4912\/revisions\/4913"}],"wp:featuredmedia":[{"embeddable":true,"href":"https:\/\/gobierno.udd.cl\/cpp\/wp-json\/wp\/v2\/media\/4524"}],"wp:attachment":[{"href":"https:\/\/gobierno.udd.cl\/cpp\/wp-json\/wp\/v2\/media?parent=4912"}],"wp:term":[{"taxonomy":"category","embeddable":true,"href":"https:\/\/gobierno.udd.cl\/cpp\/wp-json\/wp\/v2\/categories?post=4912"},{"taxonomy":"post_tag","embeddable":true,"href":"https:\/\/gobierno.udd.cl\/cpp\/wp-json\/wp\/v2\/tags?post=4912"}],"curies":[{"name":"wp","href":"https:\/\/api.w.org\/{rel}","templated":true}]}}