{"id":4897,"date":"2019-09-06T08:38:12","date_gmt":"2019-09-06T12:38:12","guid":{"rendered":"http:\/\/gobierno.udd.cl\/cpp\/?p=4897"},"modified":"2019-09-25T12:15:01","modified_gmt":"2019-09-25T15:15:01","slug":"por-que-la-intendencia-de-rubilar-genera-pasion-en-la-derecha-la-segunda","status":"publish","type":"post","link":"https:\/\/gobierno.udd.cl\/cpp\/noticias\/2019\/09\/06\/por-que-la-intendencia-de-rubilar-genera-pasion-en-la-derecha-la-segunda\/","title":{"rendered":"Por qu\u00e9 la intendencia de Rubilar genera pasi\u00f3n en la derecha &#8211; La Segunda"},"content":{"rendered":"<p style=\"text-align: justify;\">El futuro gobernador regional de Santiago, cargo que en el largo plazo ir\u00e1 reemplazando al rol que hoy desempe\u00f1a la intendenta Karla Rubilar, ser\u00e1 elegido con un m\u00ednimo de 600 mil a un mill\u00f3n de votos.<\/p>\n<p style=\"text-align: justify;\">Despu\u00e9s del Presidente de la Rep\u00fablica, ser\u00e1 la segunda autoridad elegida con m\u00e1s votaci\u00f3n. Y aunque todav\u00eda se discute sobre las pocas atribuciones que tendr\u00e1 ese jefe regional (por ejemplo, no manejar\u00e1 el orden p\u00fablico como la intendenta), s\u00ed tendr\u00e1 una voz para exigirle y criticar a La Moneda en temas como, precisamente, el orden p\u00fablico.<\/p>\n<p style=\"text-align: justify;\">Hasta hace un mes, Rubilar era la candidata segura de Chile Vamos. Sin embargo, las filtraciones en una misma semana de dos encuestas, aparentemente distintas, en La Tercera (25 de agosto) y luego en El Mercurio (29 de agosto), abrieron una discusi\u00f3n sobre si la actual intendenta era la carta m\u00e1s competitiva frente a al DC Claudio Orrego y el exministro PPD Francisco Vidal, quien posee una alto conocimiento.<\/p>\n<p style=\"text-align: justify;\"><strong>1 El pragmatismo de La Moneda<\/strong><\/p>\n<p style=\"text-align: justify;\">Este hecho alert\u00f3 a La Moneda. Seg\u00fan public\u00f3 La Tercera, propio Presidente Sebasti\u00e1n Pi\u00f1era en una comida con legisladores UDI, el mi\u00e9rcoles 21 de agosto, habr\u00eda transmitido que la prioridad era ganar la elecci\u00f3n a gobernador por Santiago.<\/p>\n<p style=\"text-align: justify;\">A esas alturas los trascendidos de los sondeos que dejaban a Rubilar bajo Orrego y Vidal ya eran materia conversaci\u00f3n entre los partidos de Chile Vamos.<\/p>\n<p style=\"text-align: justify;\">El experto electoral de RN, Tom\u00e1s Fuentes, explica que el gobernador regional ejerce donde vive el 40% del electorado del pa\u00eds y es \u201cquien convive con el Presiden de la Rep\u00fablica\u201d. \u201cEs quien debiera estar todos los d\u00edas en directa comunicaci\u00f3n con el Presidente. M\u00e1s all\u00e1 lo que pueda hacer, es lo que le pueda exigir en materia de seguridad, pensiones, salud, trabajo\u201d.<\/p>\n<p style=\"text-align: justify;\">Jaime Lindh, investigador de Idea Pa\u00eds, dice que el gobernador regional ser\u00e1 \u201cun actor importante, va a tener m\u00e1s votos que un senador, va a manejar presupuesto, va a tener apoyo electoral, probablemente su voz va a resonar m\u00e1s\u201d.<\/p>\n<p style=\"text-align: justify;\">En esa l\u00ednea, si resulta electo un opositor, Pi\u00f1era tendr\u00e1 que convivir m\u00e1s de un a\u00f1o con ese jefe regional no af\u00edn.<\/p>\n<p style=\"text-align: justify;\">A juicio del acad\u00e9mico de la\u00a0<span class=\"highlight\">UDD<\/span>\u00a0Gonzalo M\u00fcller (UDI), \u201cm\u00e1s que inquietud, hoy nadie est\u00e1 dispuesto a darse ventaja y cualquier tropiezo abre la puerta\u201d.<\/p>\n<p style=\"text-align: justify;\">El presidente RN, Mario Desbordes, insiste en que hoy Rubilar es la m\u00e1s competitiva y que en esto La Moneda \u201ces pragram\u00e1tica\u201d (ver recuadro).<\/p>\n<p style=\"text-align: justify;\">No obstante, si lo sondeos no favorecen a la intendenta, ese \u201cpragmatismo\u201d, \u00bfpuede jugarle en contra?<\/p>\n<p style=\"text-align: justify;\"><strong>2 La aspiraci\u00f3n UDI<\/strong><\/p>\n<p style=\"text-align: justify;\">La foto con las diputadas comunistas Camila Vallejo y Karol Cariola, autoras de un proyecto que rebaja la jornada laboral a 40 horas, destap\u00f3 la irritaci\u00f3n que existe en especialmente en la UDI en contra de la actual jefa regional.<\/p>\n<p style=\"text-align: justify;\">A juicio de Vidal, quien a\u00fan no decide si competir\u00e1, el inter\u00e9s de la UDI en la gobernaci\u00f3n regional qued\u00f3 expuesto por sus \u201ccr\u00edticas destempladas\u201d a la intendenta y tambi\u00e9n por esta encuesta de Natural Phone \u2014que a su juicio habr\u00eda sido encargada por el gremialismo\u2014, que le daba a Rubilar un 13,6% de las preferencia en una elecci\u00f3n regional, versus un 23,4% que obten\u00eda la alcaldesa de Providencia, Evelyn Matthei (UDI).<\/p>\n<p style=\"text-align: justify;\">En esa l\u00ednea, el factor de Joaqu\u00edn Lav\u00edn, tambi\u00e9n podr\u00eda pesar. El actual alcalde de Las Condes ha tenido algunos choques con la intendenta. Y si la UDI apuesta a que Lav\u00edn sea el pr\u00f3ximo Presidente de Chile, los mismos factores que complicar\u00edan a Pi\u00f1era, de tener que convivir con una autoridad regional de oposici\u00f3n, podr\u00edan estar latentes entre una figura, que si bien pertenece a Chile Vamos, no es af\u00edn al presidenciable UDI.<\/p>\n<p style=\"text-align: justify;\">\u201cLa RM va a ser la madre de todas las batallas en materia de gobernadores regionales, no creo que haya ning\u00fan partido dispuesto a omitirse, vamos a tener una pelea con una primaria. Obviamente ganar la gobernaci\u00f3n es un primer combo en una pelea larga, siempre ganar el primer round te puede dar una motivaci\u00f3n especial\u201d, comenta M\u00fcller.<\/p>\n<p style=\"text-align: justify;\"><strong>3 Balanza senatorial<\/strong><\/p>\n<p style=\"text-align: justify;\">Todos los partidos creen que las cartas que sean elegidas en municipios y gobernaciones en octubre de 2020, tendr\u00e1n un peso en la elecci\u00f3n parlamentaria y presidencial siguiente (noviembre de 2021).<\/p>\n<p style=\"text-align: justify;\">\u00a0Y el respaldo que pueda dar la autoridad metropolitana, puede incidir en la senatorial por Santiago, donde se definen cinco cupos a la C\u00e1mara Alta.<\/p>\n<p style=\"text-align: justify;\">Por un lado, Chile Vamos espera quedarse con tres de los cinco senadores y la militancia del jefe regional tambi\u00e9n puede influir en que particularmente la UDI o RN se queden con dos de esos esca\u00f1os senatoriales.<\/p>\n<p><a href=\"https:\/\/gobierno.udd.cl\/cpp\/files\/2019\/09\/2019-09-06_ge3m2qci.jpg\"><img loading=\"lazy\" decoding=\"async\" class=\" wp-image-4898 aligncenter\" src=\"https:\/\/gobierno.udd.cl\/cpp\/files\/2019\/09\/2019-09-06_ge3m2qci-231x300.jpg\" alt=\"\" width=\"338\" height=\"439\" srcset=\"https:\/\/gobierno.udd.cl\/cpp\/files\/2019\/09\/2019-09-06_ge3m2qci-231x300.jpg 231w, https:\/\/gobierno.udd.cl\/cpp\/files\/2019\/09\/2019-09-06_ge3m2qci-768x996.jpg 768w, https:\/\/gobierno.udd.cl\/cpp\/files\/2019\/09\/2019-09-06_ge3m2qci-790x1024.jpg 790w, https:\/\/gobierno.udd.cl\/cpp\/files\/2019\/09\/2019-09-06_ge3m2qci-740x960.jpg 740w, https:\/\/gobierno.udd.cl\/cpp\/files\/2019\/09\/2019-09-06_ge3m2qci.jpg 1440w\" sizes=\"auto, (max-width: 338px) 100vw, 338px\" \/><\/a><\/p>\n","protected":false},"excerpt":{"rendered":"<p>La foto con las diputadas Vallejo y Cariola destap\u00f3 una pugna de poder por la futura jefatura regional.<\/p>\n","protected":false},"author":22,"featured_media":4478,"comment_status":"open","ping_status":"open","sticky":false,"template":"","format":"standard","meta":{"footnotes":""},"categories":[10162,4],"tags":[],"class_list":["post-4897","post","type-post","status-publish","format-standard","has-post-thumbnail","hentry","category-centro-en-la-prensa","category-noticias"],"featured_image_url":"https:\/\/gobierno.udd.cl\/cpp\/files\/2019\/06\/Graficas_PoliticasPublicas-03.jpg","_links":{"self":[{"href":"https:\/\/gobierno.udd.cl\/cpp\/wp-json\/wp\/v2\/posts\/4897","targetHints":{"allow":["GET"]}}],"collection":[{"href":"https:\/\/gobierno.udd.cl\/cpp\/wp-json\/wp\/v2\/posts"}],"about":[{"href":"https:\/\/gobierno.udd.cl\/cpp\/wp-json\/wp\/v2\/types\/post"}],"author":[{"embeddable":true,"href":"https:\/\/gobierno.udd.cl\/cpp\/wp-json\/wp\/v2\/users\/22"}],"replies":[{"embeddable":true,"href":"https:\/\/gobierno.udd.cl\/cpp\/wp-json\/wp\/v2\/comments?post=4897"}],"version-history":[{"count":3,"href":"https:\/\/gobierno.udd.cl\/cpp\/wp-json\/wp\/v2\/posts\/4897\/revisions"}],"predecessor-version":[{"id":4901,"href":"https:\/\/gobierno.udd.cl\/cpp\/wp-json\/wp\/v2\/posts\/4897\/revisions\/4901"}],"wp:featuredmedia":[{"embeddable":true,"href":"https:\/\/gobierno.udd.cl\/cpp\/wp-json\/wp\/v2\/media\/4478"}],"wp:attachment":[{"href":"https:\/\/gobierno.udd.cl\/cpp\/wp-json\/wp\/v2\/media?parent=4897"}],"wp:term":[{"taxonomy":"category","embeddable":true,"href":"https:\/\/gobierno.udd.cl\/cpp\/wp-json\/wp\/v2\/categories?post=4897"},{"taxonomy":"post_tag","embeddable":true,"href":"https:\/\/gobierno.udd.cl\/cpp\/wp-json\/wp\/v2\/tags?post=4897"}],"curies":[{"name":"wp","href":"https:\/\/api.w.org\/{rel}","templated":true}]}}