{"id":4884,"date":"2019-08-26T10:50:41","date_gmt":"2019-08-26T14:50:41","guid":{"rendered":"http:\/\/gobierno.udd.cl\/cpp\/?p=4884"},"modified":"2019-09-03T10:51:09","modified_gmt":"2019-09-03T14:51:09","slug":"ward-el-comodin-de-la-udi-para-santiago-la-segunda","status":"publish","type":"post","link":"https:\/\/gobierno.udd.cl\/cpp\/noticias\/2019\/08\/26\/ward-el-comodin-de-la-udi-para-santiago-la-segunda\/","title":{"rendered":"Ward, el \u201ccomod\u00edn\u201d de la UDI para Santiago &#8211; La Segunda"},"content":{"rendered":"<p style=\"text-align: justify;\">Con la actual intendenta, Karla Rubilar, como carta m\u00e1s segura de RN para buscar retener su puesto, Hern\u00e1n Larra\u00edn Matte de Ev\u00f3poli, deslizando -en la reuni\u00f3n que hubo en la casa del ministro Andr\u00e9s Chadwick la semana pasada- su apertura a disputar el cargo, y la UDI con varias cartas sobre la mesa, la carrera por la gobernaci\u00f3n regional metropolitana ya est\u00e1 tomando forma en Chile Vamos.<\/p>\n<p style=\"text-align: justify;\">En el bloque est\u00e1 zanjado que los partidos se midan en primarias para definir una carta \u00fanica por regi\u00f3n. Y la capital es una de las m\u00e1s apetecidas, por su exposici\u00f3n y por sus m\u00e1s de 5 millones de potenciales electores, lo que se traduce en una buena vitrina para liderazgos al alza.<\/p>\n<p style=\"text-align: justify;\">Los nombres de los alcaldes Rodolfo Carter y Cathy Barriga han sonado en la UDI para competir por el cargo y tambien el del ex jefe comunal de Las Condes Francisco de la Maza. Pero un ministro podria sumarse a esta cartera, y hasta ahora parece como el favorito de la mesa de Jacqueline van Rysselberghe: el titular de Bienes Nacionales, Felipe Ward.<\/p>\n<p style=\"text-align: justify;\">En la encuesta Cadem de esta semana, Ward aparece tercero entre los ministros mejor evaluados, con un 56% de aprobaci\u00f3n, Su conocimiento, sin embargo, a\u00fan es bajo: 41%.<\/p>\n<p style=\"text-align: justify;\">\u201cEn base a una buena gesti\u00f3n y exposici\u00f3n en medios ha logrado transformarse en m\u00e1s que el ex diputado de la Tercera Regi\u00f3n; hoy es una figura que est\u00e1 pensando en distintas opciones parlamentarias o una gobernaci\u00f3n regional, debido a que ha aprovechado su ministerio de manera acertada\u201d, dice el vicedecano de la Facultad de Gobierno de la\u00a0<span class=\"highlight\">UDD<\/span>,\u00a0<span class=\"highlight\">Rodrigo<\/span>\u00a0<span class=\"highlight\">Arellano<\/span>. Alude as\u00ed a la ofensiva de Ward para erradicar playas privadas, loteos irregulares, y traer de vuelta a Rapa Nui el mo\u00e1i Hoa Hakananai&#8217;a desde el Museo Brit\u00e1nico, entre otros temas.<\/p>\n<p style=\"text-align: justify;\">La UDI, de hecho, le propuso explorar esa gobernaci\u00f3n o una candidatura a senador en la Metropolitana.<\/p>\n<p style=\"text-align: justify;\">Pero Ward se toma el tema con calma. Para postular a una gobernaci\u00f3n deber\u00eda dejar su cargo ministerial en pr\u00e1cticamente dos meses, el 25 de octubre pr\u00f3ximo; mientras que si va a senador, podr\u00eda mantenerse un a\u00f1o m\u00e1s en el gabinete.<\/p>\n<p style=\"text-align: justify;\">\u201cTiene condiciones personales que son muy potentes, capacidades tanto t\u00e9cnicas como pol\u00edticas\u201d, dice Jorge Fuentes, secretario general UDI, y agrega que \u201cme gustar\u00eda que cuando termine su etapa de ministro, si decide alguna opci\u00f3n electoral, pueda seguir aportando\u201d.<\/p>\n<p style=\"text-align: justify;\"><strong>Una tercera opci\u00f3n<\/strong><\/p>\n<p style=\"text-align: justify;\">Ward ha ido dos veces este a\u00f1o a la Regi\u00f3n de Antofagasta, zona en la cual fue diputado 12 a\u00f1os por Calama, comuna incluida en el actual distrito 3 junto a San Pedro de Atacama y Antofagasta.<\/p>\n<p style=\"text-align: justify;\">\u00a0La primera visita fue en febrero, cuando recorri\u00f3 la zona junto a la alcaldesa Karen Rojo. La otra, a inicios de este mes, cuando escribi\u00f3 en Twitter que estaba en su \u201cquerida regi\u00f3n\u201d, en un periplo en el que recorri\u00f3 San Pedro y Alto El Loa, junto a la diputada RN Paulina N\u00fa\u00f1ez.<\/p>\n<p style=\"text-align: justify;\">La parlamentaria es carta para la apuesta senatorial por Antofagasta en 2021 y podr\u00eda formar dupla con Ward si es que el ministro pretende buscar su revancha \u2014algo que \u201cno descarta\u201d, aseguran en su c\u00edrculo\u2014 y medirse nuevamente para saltar al Senado por la zona norte. La apuesta de Chile Vamos es lograr dos de los tres cupos a senador de esa zona, y Ward obtuvo 15% en su incursi\u00f3n de 2017, cuando se midi\u00f3 por la senadur\u00eda.<\/p>\n<p style=\"text-align: justify;\">Su irrupci\u00f3n tambi\u00e9n servir\u00eda para aquietar las aguas en el oficialismo regional, porque, a diferencia de lo que ocurre con la alcaldesa Rojo \u2014con quien Paulina N\u00fa\u00f1ez ha tenido p\u00fablicas diferencias\u2014, la vicepresidenta RN califica a Ward como un \u201cgran amigo\u201d en sus redes sociales, destacando que \u201ctienen a la Regi\u00f3n de Antofagasta en el coraz\u00f3n\u201d.<\/p>\n<p style=\"text-align: justify;\">\u201cCreo que, dado el conflicto que se ha dado en las \u00faltimas semanas con la incorporaci\u00f3n de Karen Rojo a las filas de la UDI, podr\u00eda ser una eventual salida para destrabar un conflicto electoral entre ambos partidos\u201d, a\u00f1ade Arellano.<\/p>\n<p style=\"text-align: justify;\"><strong>Factor Rojo<\/strong><\/p>\n<p style=\"text-align: justify;\">Pero la opci\u00f3n de volver a sus tierras se ve compleja para el ministro, pese a tener all\u00ed un alto nivel de conocimiento.Es que Van Rysselberghe quiere levantar a la alcaldesa como opci\u00f3n para el cupo, y de hecho fue presentada el 4 de julio como parte de la bancada de alcaldes UDI en el Twitter del partido, lo que gener\u00f3 roces con la directiva regional.<\/p>\n<p style=\"text-align: justify;\">As\u00ed las cosas, un factor clave para la decisi\u00f3n de Ward ser\u00e1 el futuro judicial de Karen Rojo: el pasado 24 de julio, el Juzgado de Garant\u00eda de Antofagasta otorg\u00f3 otros 90 d\u00edas para la investigaci\u00f3n por la denuncia de fraude al fisco por asesor\u00edas que se les imputan a la alcaldesa y a otros dos funcionarios del municipio.<\/p>\n<p><a href=\"https:\/\/gobierno.udd.cl\/files\/2019\/09\/2019-08-26_AE3LR5A7.jpg\"><img loading=\"lazy\" decoding=\"async\" class=\" wp-image-22923 aligncenter\" src=\"https:\/\/gobierno.udd.cl\/files\/2019\/09\/2019-08-26_AE3LR5A7-231x300.jpg\" alt=\"\" width=\"268\" height=\"348\" \/><\/a><\/p>\n","protected":false},"excerpt":{"rendered":"<p>Con la actual intendenta, Karla Rubilar, como carta m\u00e1s segura de RN para buscar retener su puesto, Hern\u00e1n Larra\u00edn Matte de Ev\u00f3poli, deslizando -en la reuni\u00f3n que hubo en la casa del ministro Andr\u00e9s Chadwick la semana pasada- su apertura a disputar el cargo, y la UDI con varias cartas sobre la mesa, la carrera [&hellip;]<\/p>\n","protected":false},"author":22,"featured_media":4478,"comment_status":"open","ping_status":"open","sticky":false,"template":"","format":"standard","meta":{"footnotes":""},"categories":[10162],"tags":[],"class_list":["post-4884","post","type-post","status-publish","format-standard","has-post-thumbnail","hentry","category-centro-en-la-prensa"],"featured_image_url":"https:\/\/gobierno.udd.cl\/cpp\/files\/2019\/06\/Graficas_PoliticasPublicas-03.jpg","_links":{"self":[{"href":"https:\/\/gobierno.udd.cl\/cpp\/wp-json\/wp\/v2\/posts\/4884","targetHints":{"allow":["GET"]}}],"collection":[{"href":"https:\/\/gobierno.udd.cl\/cpp\/wp-json\/wp\/v2\/posts"}],"about":[{"href":"https:\/\/gobierno.udd.cl\/cpp\/wp-json\/wp\/v2\/types\/post"}],"author":[{"embeddable":true,"href":"https:\/\/gobierno.udd.cl\/cpp\/wp-json\/wp\/v2\/users\/22"}],"replies":[{"embeddable":true,"href":"https:\/\/gobierno.udd.cl\/cpp\/wp-json\/wp\/v2\/comments?post=4884"}],"version-history":[{"count":1,"href":"https:\/\/gobierno.udd.cl\/cpp\/wp-json\/wp\/v2\/posts\/4884\/revisions"}],"predecessor-version":[{"id":4885,"href":"https:\/\/gobierno.udd.cl\/cpp\/wp-json\/wp\/v2\/posts\/4884\/revisions\/4885"}],"wp:featuredmedia":[{"embeddable":true,"href":"https:\/\/gobierno.udd.cl\/cpp\/wp-json\/wp\/v2\/media\/4478"}],"wp:attachment":[{"href":"https:\/\/gobierno.udd.cl\/cpp\/wp-json\/wp\/v2\/media?parent=4884"}],"wp:term":[{"taxonomy":"category","embeddable":true,"href":"https:\/\/gobierno.udd.cl\/cpp\/wp-json\/wp\/v2\/categories?post=4884"},{"taxonomy":"post_tag","embeddable":true,"href":"https:\/\/gobierno.udd.cl\/cpp\/wp-json\/wp\/v2\/tags?post=4884"}],"curies":[{"name":"wp","href":"https:\/\/api.w.org\/{rel}","templated":true}]}}