{"id":4878,"date":"2019-08-26T09:37:04","date_gmt":"2019-08-26T13:37:04","guid":{"rendered":"http:\/\/gobierno.udd.cl\/cpp\/?p=4878"},"modified":"2019-09-03T09:40:50","modified_gmt":"2019-09-03T13:40:50","slug":"programa-mesa-central-tele13-radio","status":"publish","type":"post","link":"https:\/\/gobierno.udd.cl\/cpp\/noticias\/2019\/08\/26\/programa-mesa-central-tele13-radio\/","title":{"rendered":"Programa Mesa Central &#8211; Tele13 Radio"},"content":{"rendered":"<p style=\"font-weight: 400;\"><strong>Habla:<\/strong> Rodrigo Arellano, Vicedecano de la Facultad de Gobierno.<\/p>\n<h3>Mario Carroza indica que en esta semana entrega condena a Hern\u00e1ndez<\/h3>\n<p>En esta semana se dar\u00e1 a conocer la condena definitiva del Comandante Ramiro. Esto lo asegur\u00f3 el ministro Mario Carroza, quien desde la extradici\u00f3n del ex frentista, deber\u00e1 indicar cu\u00e1ntos a\u00f1os estar\u00e1 tras las rejas.<\/p>\n<audio class=\"wp-audio-shortcode\" id=\"audio-4878-1\" preload=\"none\" style=\"width: 100%;\" controls=\"controls\"><source type=\"audio\/mpeg\" src=\"http:\/\/conectamedia.s3.amazonaws.com\/f3ea4162345875d1b12751bc1e1837c6.mp3?_=1\" \/><a href=\"http:\/\/conectamedia.s3.amazonaws.com\/f3ea4162345875d1b12751bc1e1837c6.mp3\">http:\/\/conectamedia.s3.amazonaws.com\/f3ea4162345875d1b12751bc1e1837c6.mp3<\/a><\/audio>\n<div><\/div>\n<div><\/div>\n<div><\/div>\n<div>\n<h3>Bolsonaro responde a Macron<\/h3>\n<p>El Amazonas contin\u00faa en llamas, y ahora la disputa se gener\u00f3 entre Emmanuel Macron y Jair Bolsonaro en torno a los dichos entre ambos mandatarios.<\/p>\n<audio class=\"wp-audio-shortcode\" id=\"audio-4878-2\" preload=\"none\" style=\"width: 100%;\" controls=\"controls\"><source type=\"audio\/mpeg\" src=\"http:\/\/conectamedia.s3.amazonaws.com\/7b0b3e4f537a1b0a140cb700875a61bd.mp3?_=2\" \/><a href=\"http:\/\/conectamedia.s3.amazonaws.com\/7b0b3e4f537a1b0a140cb700875a61bd.mp3\">http:\/\/conectamedia.s3.amazonaws.com\/7b0b3e4f537a1b0a140cb700875a61bd.mp3<\/a><\/audio>\n<p>&nbsp;<\/p>\n<h3>Gobierno anuncia nueva agenda econ\u00f3mica<\/h3>\n<p>El Gobierno hoy anunciar\u00e1 una nueva agenda econ\u00f3mica para reactivar el a\u00f1o 2019, debido a la situaci\u00f3n que hay en el pa\u00eds. Esto se mezcla con el debate en torno a la jornada laboral.<\/p>\n<audio class=\"wp-audio-shortcode\" id=\"audio-4878-3\" preload=\"none\" style=\"width: 100%;\" controls=\"controls\"><source type=\"audio\/mpeg\" src=\"http:\/\/conectamedia.s3.amazonaws.com\/e3353a1be71f5bc42390938a168627d8.mp3?_=3\" \/><a href=\"http:\/\/conectamedia.s3.amazonaws.com\/e3353a1be71f5bc42390938a168627d8.mp3\">http:\/\/conectamedia.s3.amazonaws.com\/e3353a1be71f5bc42390938a168627d8.mp3<\/a><\/audio>\n<p>&nbsp;<\/p>\n<\/div>\n","protected":false},"excerpt":{"rendered":"<p>Habla: Rodrigo Arellano, Vicedecano de la Facultad de Gobierno. Mario Carroza indica que en esta semana entrega condena a Hern\u00e1ndez En esta semana se dar\u00e1 a conocer la condena definitiva del Comandante Ramiro. Esto lo asegur\u00f3 el ministro Mario Carroza, quien desde la extradici\u00f3n del ex frentista, deber\u00e1 indicar cu\u00e1ntos a\u00f1os estar\u00e1 tras las rejas. [&hellip;]<\/p>\n","protected":false},"author":22,"featured_media":4478,"comment_status":"open","ping_status":"open","sticky":false,"template":"","format":"standard","meta":{"footnotes":""},"categories":[10162],"tags":[],"class_list":["post-4878","post","type-post","status-publish","format-standard","has-post-thumbnail","hentry","category-centro-en-la-prensa"],"featured_image_url":"https:\/\/gobierno.udd.cl\/cpp\/files\/2019\/06\/Graficas_PoliticasPublicas-03.jpg","_links":{"self":[{"href":"https:\/\/gobierno.udd.cl\/cpp\/wp-json\/wp\/v2\/posts\/4878","targetHints":{"allow":["GET"]}}],"collection":[{"href":"https:\/\/gobierno.udd.cl\/cpp\/wp-json\/wp\/v2\/posts"}],"about":[{"href":"https:\/\/gobierno.udd.cl\/cpp\/wp-json\/wp\/v2\/types\/post"}],"author":[{"embeddable":true,"href":"https:\/\/gobierno.udd.cl\/cpp\/wp-json\/wp\/v2\/users\/22"}],"replies":[{"embeddable":true,"href":"https:\/\/gobierno.udd.cl\/cpp\/wp-json\/wp\/v2\/comments?post=4878"}],"version-history":[{"count":2,"href":"https:\/\/gobierno.udd.cl\/cpp\/wp-json\/wp\/v2\/posts\/4878\/revisions"}],"predecessor-version":[{"id":4880,"href":"https:\/\/gobierno.udd.cl\/cpp\/wp-json\/wp\/v2\/posts\/4878\/revisions\/4880"}],"wp:featuredmedia":[{"embeddable":true,"href":"https:\/\/gobierno.udd.cl\/cpp\/wp-json\/wp\/v2\/media\/4478"}],"wp:attachment":[{"href":"https:\/\/gobierno.udd.cl\/cpp\/wp-json\/wp\/v2\/media?parent=4878"}],"wp:term":[{"taxonomy":"category","embeddable":true,"href":"https:\/\/gobierno.udd.cl\/cpp\/wp-json\/wp\/v2\/categories?post=4878"},{"taxonomy":"post_tag","embeddable":true,"href":"https:\/\/gobierno.udd.cl\/cpp\/wp-json\/wp\/v2\/tags?post=4878"}],"curies":[{"name":"wp","href":"https:\/\/api.w.org\/{rel}","templated":true}]}}