{"id":4868,"date":"2019-09-02T09:13:57","date_gmt":"2019-09-02T13:13:57","guid":{"rendered":"http:\/\/gobierno.udd.cl\/cpp\/?p=4868"},"modified":"2019-09-03T09:18:42","modified_gmt":"2019-09-03T13:18:42","slug":"juan-pablo-couyoumdjian-las-lecciones-de-la-historia-a-proposito-de-los-90-anos-del-crash-de-1929-el-librero","status":"publish","type":"post","link":"https:\/\/gobierno.udd.cl\/cpp\/noticias\/2019\/09\/02\/juan-pablo-couyoumdjian-las-lecciones-de-la-historia-a-proposito-de-los-90-anos-del-crash-de-1929-el-librero\/","title":{"rendered":"Juan Pablo Couyoumdjian: Las \u201clecciones de la historia\u201d, a prop\u00f3sito de los 90 a\u00f1os del crash de 1929 &#8211; El Librero"},"content":{"rendered":"<p style=\"text-align: justify;\">La creencia de que producto de los cambios tecnol\u00f3gicos en la era moderna hemos logrado anular los ciclos de la actividad econ\u00f3mica refleja bien una ignorancia que a su vez representa, parafraseando a Hayek, una arrogancia muy peligrosa.<\/p>\n<p style=\"text-align: justify;\">En octubre pr\u00f3ximo se cumplen 90 a\u00f1os del crash de la Bolsa de Nueva York que marc\u00f3 el inicio de la \u201cgran depresi\u00f3n\u201d. Este es un evento que se ha venido recordando (y estudiando) con especial atenci\u00f3n luego de la \u201cgran recesi\u00f3n\u201d de 2008. Esta \u00faltima crisis internacional, especialmente profunda en Estados Unidos y Europa (de ah\u00ed su apelativo), se sinti\u00f3 de forma bastante moderada en Chile; en cambio, como es bien sabido,\u00a0el crash del a\u00f1o 1929 con sus particulares mecanismos de transmisi\u00f3n se tradujo en una profunda ca\u00edda de la actividad econ\u00f3mica en nuestro pa\u00eds entre los a\u00f1os 1930-32. Esta crisis tuvo tambi\u00e9n efectos pol\u00edticos\u00a0\u2015en t\u00e9rminos de inestabilidad pol\u00edtica\u2015 muy importantes que generaron un c\u00edrculo vicioso de mayor incertidumbre econ\u00f3mica.<\/p>\n<p style=\"text-align: justify;\">A nivel internacional se ha discutido bastante sobre las \u201clecciones\u201d que podr\u00eda ofrecer la historia en cuanto a los or\u00edgenes y las respuestas de pol\u00edtica frente a grandes recesiones econ\u00f3micas ocurridas en el pasado. Detr\u00e1s de este concepto est\u00e1 la idea de que no s\u00f3lo ser\u00eda \u00fatil estudiar la historia porque s\u00ed, porque es un \u00e1rea crucial del conocimiento humano que nos permite reflexionar sobre los valores fundamentales de las sociedades, sino adem\u00e1s por\u00a0consideraciones que podr\u00edamos denominar oportunistas: para identificar analog\u00edas relevantes a problemas cruciales del presente. Aqu\u00ed es oportuno recordar el dictado de George Santayana, en el sentido de que \u201cLos que no recuerdan el pasado est\u00e1n condenados a repetirlo\u201d.\u00a0La creencia de que producto de los cambios tecnol\u00f3gicos en la era moderna hemos logrado anular los ciclos de la actividad econ\u00f3mica refleja bien una ignorancia que a su vez representa, parafraseando a Hayek, una arrogancia muy peligrosa.\u00a0La presencia m\u00e1s o menos regular de ciclos econ\u00f3micos en econom\u00edas capitalistas es un antecedente que no se puede soslayar \u2015la propia teor\u00eda econ\u00f3mica, que a veces se estudia selectivamente, nos ilustra bien sobre estos temas.<\/p>\n<p style=\"text-align: justify;\"><strong>En el caso de la pol\u00edtica p\u00fablica las \u201clecciones de la historia\u201d no son tan autom\u00e1ticas como se podr\u00eda pensar.<\/strong><\/p>\n<p style=\"text-align: justify;\">En todo caso, \u00bfen qu\u00e9 se basa esta idea de las \u201clecciones\u201d que puede ofrecer el estudio de la historia? \u00bfC\u00f3mo se eligen las analog\u00edas que son relevantes en este sentido? En otras palabras, \u00bfd\u00f3nde vamos a buscar las lecciones que queremos recoger para el presente? Obviamente esta es una cuesti\u00f3n crucial en todo este ejercicio, porque como se ha destacado en la literatura sobre estos temas, una analog\u00eda hist\u00f3rica puede informar y tambi\u00e9n informar mal; en otras palabras,\u00a0la historia puede ofrecer lecciones, pero tambi\u00e9n puede haber analog\u00edas incorrectas.<\/p>\n<p style=\"text-align: justify;\">La posibilidad de una elecci\u00f3n estrat\u00e9gica u oportunista de las analog\u00edas hist\u00f3ricas es un problema muy delicado. A este respecto es importante recordar que la historia no puede ser completamente objetiva, y que la memoria es fr\u00e1gil y tambi\u00e9n selectiva. Este potencial oportunismo se traducir\u00e1 en un uso selectivo de las analog\u00edas que ofrece la historia, que puede estar basada en intereses pol\u00edticos coyunturales, pero que adem\u00e1s puede estar relacionado a consideraciones o sesgos ideol\u00f3gicos m\u00e1s fundamentales.<\/p>\n<p style=\"text-align: justify;\">Entre la gran depresi\u00f3n y la gran recesi\u00f3n ha pasado mucho tiempo. Las autoridades pol\u00edticas, banqueros centrales y ministros de Hacienda, en Chile y en otros pa\u00edses, han aprendido (en mayor o menor medida) de los errores del pasado, aunque uno podr\u00eda discutir sobre cu\u00e1les fueron los casos m\u00e1s relevantes para estos procesos de aprendizaje. De ah\u00ed la importancia de volver a la historia en su propio m\u00e9rito, con una mirada amplia. En el caso de la pol\u00edtica p\u00fablica las \u201clecciones de la historia\u201d no son tan autom\u00e1ticas como se podr\u00eda pensar.<\/p>\n<p style=\"text-align: justify;\">Esta columna est\u00e1 basada en temas que hemos explorado en mayor detalle en el Documento An\u00e1lisis No. 34, Centro de Pol\u00edticas P\u00fablicas, UDD.<\/p>\n","protected":false},"excerpt":{"rendered":"<p>La creencia de que producto de los cambios tecnol\u00f3gicos en la era moderna hemos logrado anular los ciclos de la actividad econ\u00f3mica refleja bien una ignorancia que a su vez representa, parafraseando a Hayek, una arrogancia muy peligrosa. En octubre pr\u00f3ximo se cumplen 90 a\u00f1os del crash de la Bolsa de Nueva York que marc\u00f3 [&hellip;]<\/p>\n","protected":false},"author":22,"featured_media":4478,"comment_status":"open","ping_status":"open","sticky":false,"template":"","format":"standard","meta":{"footnotes":""},"categories":[10162],"tags":[],"class_list":["post-4868","post","type-post","status-publish","format-standard","has-post-thumbnail","hentry","category-centro-en-la-prensa"],"featured_image_url":"https:\/\/gobierno.udd.cl\/cpp\/files\/2019\/06\/Graficas_PoliticasPublicas-03.jpg","_links":{"self":[{"href":"https:\/\/gobierno.udd.cl\/cpp\/wp-json\/wp\/v2\/posts\/4868","targetHints":{"allow":["GET"]}}],"collection":[{"href":"https:\/\/gobierno.udd.cl\/cpp\/wp-json\/wp\/v2\/posts"}],"about":[{"href":"https:\/\/gobierno.udd.cl\/cpp\/wp-json\/wp\/v2\/types\/post"}],"author":[{"embeddable":true,"href":"https:\/\/gobierno.udd.cl\/cpp\/wp-json\/wp\/v2\/users\/22"}],"replies":[{"embeddable":true,"href":"https:\/\/gobierno.udd.cl\/cpp\/wp-json\/wp\/v2\/comments?post=4868"}],"version-history":[{"count":3,"href":"https:\/\/gobierno.udd.cl\/cpp\/wp-json\/wp\/v2\/posts\/4868\/revisions"}],"predecessor-version":[{"id":4871,"href":"https:\/\/gobierno.udd.cl\/cpp\/wp-json\/wp\/v2\/posts\/4868\/revisions\/4871"}],"wp:featuredmedia":[{"embeddable":true,"href":"https:\/\/gobierno.udd.cl\/cpp\/wp-json\/wp\/v2\/media\/4478"}],"wp:attachment":[{"href":"https:\/\/gobierno.udd.cl\/cpp\/wp-json\/wp\/v2\/media?parent=4868"}],"wp:term":[{"taxonomy":"category","embeddable":true,"href":"https:\/\/gobierno.udd.cl\/cpp\/wp-json\/wp\/v2\/categories?post=4868"},{"taxonomy":"post_tag","embeddable":true,"href":"https:\/\/gobierno.udd.cl\/cpp\/wp-json\/wp\/v2\/tags?post=4868"}],"curies":[{"name":"wp","href":"https:\/\/api.w.org\/{rel}","templated":true}]}}