{"id":4860,"date":"2019-08-21T12:52:57","date_gmt":"2019-08-21T16:52:57","guid":{"rendered":"http:\/\/gobierno.udd.cl\/cpp\/?p=4860"},"modified":"2019-08-26T12:54:11","modified_gmt":"2019-08-26T16:54:11","slug":"jugada-peligrosa-o-respuesta-certera-analisis-a-la-arremetida-del-gobierno-contra-el-ps-y-sus-efectos-en-el-congreso-emol","status":"publish","type":"post","link":"https:\/\/gobierno.udd.cl\/cpp\/noticias\/2019\/08\/21\/jugada-peligrosa-o-respuesta-certera-analisis-a-la-arremetida-del-gobierno-contra-el-ps-y-sus-efectos-en-el-congreso-emol\/","title":{"rendered":"\u00bfJugada peligrosa o respuesta certera? An\u00e1lisis a la arremetida del Gobierno contra el PS y sus efectos en el Congreso &#8211; Emol"},"content":{"rendered":"<p style=\"text-align: justify;\">SANTIAGO.- \u00abNos hemos enterado por parte del PS que estar\u00edan evaluando una acusaci\u00f3n constitucional contra nuestra ministra de Educaci\u00f3n y uno solo puede hacer una reflexi\u00f3n: Ya no tienen pudor para tratar, a trav\u00e9s de esta acusaci\u00f3n, de ocultar lo que todos queremos saber: Qu\u00e9 relaci\u00f3n tiene el PS con el narcotr\u00e1fico\u00bb.<\/p>\n<p style=\"text-align: justify;\">Esa fue la frase de la ministra Secretaria General de Gobierno, Cecilia P\u00e9rez, que volvi\u00f3 a encender los \u00e1nimos entre La Moneda y la oposici\u00f3n, provocando una batalla que est\u00e1 alcanzando altos niveles de tensi\u00f3n. La respuesta desde el socialismo no tard\u00f3 y por ahora las relaciones entre ambas partes est\u00e1n quebradas.<\/p>\n<p style=\"text-align: justify;\">Sin embargo, eso no pareci\u00f3 preocuparle al Ejecutivo. De hecho, ayer fue el propio Presidente Sebasti\u00e1n Pi\u00f1era quien respald\u00f3 a la vocera e insisti\u00f3 en la necesidad de que el PS aclare los problemas detectados en su padr\u00f3n electoral, luego de las acusaciones que surgieron sobre la militancia de personas vinculadas a grupos narcos en San Ram\u00f3n.<\/p>\n<p style=\"text-align: justify;\">La arremetida de La Moneda no dej\u00f3 indiferente a la oposici\u00f3n, la cual pese a su alta dispersi\u00f3n logr\u00f3 unidad para defender al PS. El primer efecto fue su decisi\u00f3n de negar el ingreso de los subsecretarios a las comisiones del Senado y un eventual apoyo a la acusaci\u00f3n contra Marcela Cubillos por su rol ante el nuevo sistema de admisi\u00f3n escolar.<\/p>\n<p style=\"text-align: justify;\">El segundo, y quiz\u00e1s el m\u00e1s peligroso para el Gobierno, fue el respaldo de la DC a sus hist\u00f3ricos aliados, donde advirtieron que el lenguaje utilizado por P\u00e9rez pone en riesgo la pol\u00edtica de acuerdos que ha impulsado esa colectividad con el Gobierno y que ha permitido el avance de su reforma tributaria y previsional en el parlamento.<\/p>\n<p style=\"text-align: justify;\">Sin embargo, pese a que el tono gener\u00f3 incomodidad en algunos sectores, desde Chile Vamos salieron a respaldar la postura de La Moneda y subrayaron que pedir a los socialistas que aclaren su eventual v\u00ednculo con el narcotr\u00e1fico vale m\u00e1s que \u00abun par de votos\u00bb en el Congreso.<\/p>\n<p style=\"text-align: justify;\">Con todo, la estrategia fue visada por el propio comit\u00e9 pol\u00edtico y comunicada durante el encuentro que sostuvieron con los l\u00edderes oficialistas este lunes, en donde se determin\u00f3 que la portavoz asumiera un tono duro y \u00absin tapujos\u00bb. En el entorno de la titular de la Segegob, asumieron de ese modo que a ella \u00absiempre le tocaba ser la pesada\u00bb.<\/p>\n<p style=\"text-align: justify;\">A ello se sum\u00f3 la decisi\u00f3n del oficialismo de solicitar a la mesa de la C\u00e1mara de Diputados una sesi\u00f3n especial para hablar sobre la penetraci\u00f3n del narcotr\u00e1fico en instituciones p\u00fablicas y sus efectos. En tanto, los senadores de oposici\u00f3n decidieron acudir al Ministerio P\u00fablico para obligar a P\u00e9rez a fundamentar sus cr\u00edticas hacia el PS.<\/p>\n<p style=\"text-align: justify;\"><strong>La mirada de los expertos<br \/>\n<\/strong><br \/>\nEn ese contexto, es complejo descifrar cu\u00e1l fue el objetivo del Ejecutivo al iniciar una nueva batalla con el PS y la oposici\u00f3n. Si bien est\u00e1 la necesidad de proteger a Cubillos de una acusaci\u00f3n que a su juicio no tiene fundamentos, parece ser que el bloqueo legislativo que sufrir\u00e1 en el parlamento puede ser m\u00e1s da\u00f1ino para sus intereses.<\/p>\n<p style=\"text-align: justify;\">A juicio del cientista pol\u00edtico y acad\u00e9mico de la Universidad de Talca, Mauricio Morales, \u00aben un contexto de desaceleraci\u00f3n econ\u00f3mica y con una discusi\u00f3n sobre la rebaja a 40 horas laborales que est\u00e1 perdiendo por paliza, el Gobierno no encontr\u00f3 mejor manera de torcer la agenda que encarar al PS vincul\u00e1ndolo con el narcotr\u00e1fico\u00bb.<\/p>\n<p style=\"text-align: justify;\">\u00abEl PS no es un partido de narcotraficantes. Tiene l\u00edderes -como cualquier otro partido- que han ca\u00eddo en esas pr\u00e1cticas, pero el gobierno insiste en generalizar. Con esto no consigue otra cosa que polarizar innecesariamente el debate, pero tambi\u00e9n logra esquivar la discusi\u00f3n sobre la jornada laboral, que lo ha tenido por las cuerdas\u00bb, a\u00f1adi\u00f3.<\/p>\n<p style=\"text-align: justify;\">En esa l\u00ednea, Morales advirti\u00f3 que \u00abpor tanto, el Gobierno est\u00e1 jugando con fuego. Inicia una guerrilla con el PS -que es el partido con el mayor volumen de presidenciables-, cambia el eje de discusi\u00f3n, pero tambi\u00e9n logra lo que la propia oposici\u00f3n no ha conseguido: unirse bajo un paraguas com\u00fan de defensa corporativa al PS\u00bb.<\/p>\n<p style=\"text-align: justify;\">Una visi\u00f3n distinta plante\u00f3 el <strong>director del Programa de Opini\u00f3n P\u00fablica de la UDD, Gonzalo M\u00fcller<\/strong>, quien justific\u00f3 la posici\u00f3n del Gobierno recordando que \u00abla majader\u00eda del PS de estar anunciando semana tras semana acusaciones constitucionales contra la ministra Cubillos colm\u00f3 la paciencia del Gobierno\u00bb.<\/p>\n<p style=\"text-align: justify;\">\u00abY de alguna manera, ruda pero certera, la vocera los sac\u00f3 al pizarr\u00f3n en un tema que obviamente es doloroso para el partido, pero en el que realmente no ha habido claridad. Despu\u00e9s de escuchar al Presidente, entiendo que es una decisi\u00f3n del Gobierno, no de la vocera, y que obedece tambi\u00e9n a decir &#8216;bueno, si tu quieres ser majadero'\u00bb, a\u00f1adi\u00f3.<\/p>\n<p style=\"text-align: justify;\">En esa l\u00ednea, recalc\u00f3 que es preciso tener en cuenta que \u00abla acusaci\u00f3n constitucional implica que una ministra de Estado ha faltado a la ley o a la Constituci\u00f3n y cuando todas las semanas tu argumento es que la ministra falta a la ley o a la Constituci\u00f3n, va a recibir una respuesta del mismo calibre. Es decirles, &#8216;bueno, y c\u00f3mo andamos por casa'\u00bb.<\/p>\n<p style=\"text-align: justify;\"><strong>\u00bfC\u00f3mo se puede resolver la disputa?<\/strong><\/p>\n<p style=\"text-align: justify;\">En lo que si coinciden ambos expertos es en que la pelea no ser\u00e1 f\u00e1cil de desenredar. \u00abLa ministra no va a ofrecer disculpas, pues eso implicar\u00eda reconocer un error no forzado. El Gobierno deber\u00e1 mantener sus dichos y esperar la arremetida de la oposici\u00f3n\u00bb, dice Morales.<\/p>\n<p style=\"text-align: justify;\">\u00abEs cierto que el Gobierno retoma el control de la agenda p\u00fablica de debate, trasladando las prioridades desde la discusi\u00f3n laboral al v\u00ednculo entre narcotr\u00e1fico y pol\u00edtica, pero precisamente por pegar a la bandada es que puede salir trasquilado en el mediano y largo plazo, generando una uni\u00f3n opositora\u00bb, agreg\u00f3.<\/p>\n<p style=\"text-align: justify;\">En tanto, M\u00fcller apunt\u00f3 que \u00ablo que queda ahora es recuperar el di\u00e1logo, decir que ni nosotros vamos a estar diciendo todas las semanas que la ministra incumple la ley, porque eso no es verdad, pero tampoco queremos que a nosotros se nos acuse de vinculaciones con el narcotr\u00e1fico, porque no es verdad\u00bb.<\/p>\n<p style=\"text-align: justify;\">\u00abLo que esperar\u00eda como reacci\u00f3n es un llamado al di\u00e1logo, a la cordura y no buscando sancionar ahora la opini\u00f3n pol\u00edtica de la ministra vocera. Esperar\u00eda que se cruzaran estas dos partes, hubiera un paso atr\u00e1s y se recuperara la cordura y el di\u00e1logo\u00bb, subray\u00f3.<\/p>\n<p style=\"text-align: justify;\">El acad\u00e9mico advirti\u00f3 eso si que \u00abprimero van a pasar algunos d\u00edas, porque esto reci\u00e9n ocurri\u00f3, pero las pr\u00f3ximas semanas, sobre todo pensando que la pr\u00f3xima no es legislativa, esa pausa va a abrir la puerta a que hayan otros que abran la puerta al di\u00e1logo\u00bb.<\/p>\n<p style=\"text-align: justify;\">Para lograrlo, cree que el rol que tenga el ministro del Interior, Andr\u00e9s Chadwick y su par de la Segpres, Gonzalo Blumel, \u00abva a ser determinante en eso, en reconocer ambas partes que hay que recuperar el di\u00e1logo y un tono de conversaci\u00f3n. Esa es una posibilidad o escalar a un enfrentamiento cada vez mayor\u00bb.<\/p>\n<p><a href=\"https:\/\/www.emol.com\/noticias\/Nacional\/2019\/08\/21\/958634\/Jugada-peligrosa-o-respuesta-certera-Analisis-a-la-arremetida-del-Gobierno-contra-el-PS-y-sus-efectos-en-el-Congreso.html\"><img loading=\"lazy\" decoding=\"async\" class=\"wp-image-4861 aligncenter\" src=\"https:\/\/gobierno.udd.cl\/cpp\/files\/2019\/08\/emol-ok-300x212.jpg\" alt=\"\" width=\"362\" height=\"256\" srcset=\"https:\/\/gobierno.udd.cl\/cpp\/files\/2019\/08\/emol-ok-300x212.jpg 300w, https:\/\/gobierno.udd.cl\/cpp\/files\/2019\/08\/emol-ok-768x543.jpg 768w, https:\/\/gobierno.udd.cl\/cpp\/files\/2019\/08\/emol-ok-316x224.jpg 316w, https:\/\/gobierno.udd.cl\/cpp\/files\/2019\/08\/emol-ok-87x62.jpg 87w, https:\/\/gobierno.udd.cl\/cpp\/files\/2019\/08\/emol-ok.jpg 855w\" sizes=\"auto, (max-width: 362px) 100vw, 362px\" \/><\/a><\/p>\n","protected":false},"excerpt":{"rendered":"<p>De acuerdo a los expertos, no se ve una salida f\u00e1cil al clima de tensi\u00f3n provocado por el anuncio de una acusaci\u00f3n constitucional desde el socialismo y el emplazamiento sobre los presuntos nexos con el narcotr\u00e1fico desde La Moneda.<\/p>\n","protected":false},"author":22,"featured_media":4478,"comment_status":"open","ping_status":"open","sticky":false,"template":"","format":"standard","meta":{"footnotes":""},"categories":[10162],"tags":[],"class_list":["post-4860","post","type-post","status-publish","format-standard","has-post-thumbnail","hentry","category-centro-en-la-prensa"],"featured_image_url":"https:\/\/gobierno.udd.cl\/cpp\/files\/2019\/06\/Graficas_PoliticasPublicas-03.jpg","_links":{"self":[{"href":"https:\/\/gobierno.udd.cl\/cpp\/wp-json\/wp\/v2\/posts\/4860","targetHints":{"allow":["GET"]}}],"collection":[{"href":"https:\/\/gobierno.udd.cl\/cpp\/wp-json\/wp\/v2\/posts"}],"about":[{"href":"https:\/\/gobierno.udd.cl\/cpp\/wp-json\/wp\/v2\/types\/post"}],"author":[{"embeddable":true,"href":"https:\/\/gobierno.udd.cl\/cpp\/wp-json\/wp\/v2\/users\/22"}],"replies":[{"embeddable":true,"href":"https:\/\/gobierno.udd.cl\/cpp\/wp-json\/wp\/v2\/comments?post=4860"}],"version-history":[{"count":4,"href":"https:\/\/gobierno.udd.cl\/cpp\/wp-json\/wp\/v2\/posts\/4860\/revisions"}],"predecessor-version":[{"id":4865,"href":"https:\/\/gobierno.udd.cl\/cpp\/wp-json\/wp\/v2\/posts\/4860\/revisions\/4865"}],"wp:featuredmedia":[{"embeddable":true,"href":"https:\/\/gobierno.udd.cl\/cpp\/wp-json\/wp\/v2\/media\/4478"}],"wp:attachment":[{"href":"https:\/\/gobierno.udd.cl\/cpp\/wp-json\/wp\/v2\/media?parent=4860"}],"wp:term":[{"taxonomy":"category","embeddable":true,"href":"https:\/\/gobierno.udd.cl\/cpp\/wp-json\/wp\/v2\/categories?post=4860"},{"taxonomy":"post_tag","embeddable":true,"href":"https:\/\/gobierno.udd.cl\/cpp\/wp-json\/wp\/v2\/tags?post=4860"}],"curies":[{"name":"wp","href":"https:\/\/api.w.org\/{rel}","templated":true}]}}