{"id":4858,"date":"2019-08-20T12:38:44","date_gmt":"2019-08-20T16:38:44","guid":{"rendered":"http:\/\/gobierno.udd.cl\/cpp\/?p=4858"},"modified":"2019-08-26T12:38:51","modified_gmt":"2019-08-26T16:38:51","slug":"entrevista-a-ernesto-silva-academico-universidad-del-desarrollo-sobre-elecciones-primarias-en-argentina-agricultura","status":"publish","type":"post","link":"https:\/\/gobierno.udd.cl\/cpp\/noticias\/2019\/08\/20\/entrevista-a-ernesto-silva-academico-universidad-del-desarrollo-sobre-elecciones-primarias-en-argentina-agricultura\/","title":{"rendered":"Entrevista a Ernesto Silva, Acad\u00e9mico Universidad del Desarrollo, sobre elecciones primarias en Argentina &#8211; Agricultura"},"content":{"rendered":"<p style=\"text-align: justify;\">Ernesto Silva, Acad\u00e9mico\u00a0<span class=\"highlight\">Universidad<\/span>\u00a0<span class=\"highlight\">del<\/span>\u00a0<span class=\"highlight\">Desarrollo<\/span>, se refiere a las elecciones primarias en Argentina, se\u00f1alando que son muy malas noticias para el vecino pa\u00eds, pues es una mala se\u00f1al volver al kirchnerismo luego de un per\u00edodo en el que Macri empez\u00f3 a trazar un camino de recuperaci\u00f3n. Sacando lecciones para Chile, Silva indica que es importante la flexibilidad laboral, para aportar al dinamismo en la econom\u00eda. Por \u00faltimo, realiza un parang\u00f3n con la situaci\u00f3n del gobierno de Pi\u00f1era, se\u00f1alando que es importante que se destraben los proyectos para mejorar los n\u00fameros econ\u00f3micos.<\/p>\n<p><b>Habla:<\/b>\u00a0Ernesto Silva, Acad\u00e9mico\u00a0<span class=\"highlight\">Universidad<\/span>\u00a0<span class=\"highlight\">del<\/span>\u00a0<span class=\"highlight\">Desarrollo<\/span><\/p>\n<audio class=\"wp-audio-shortcode\" id=\"audio-4858-1\" preload=\"none\" style=\"width: 100%;\" controls=\"controls\"><source type=\"audio\/mpeg\" src=\"http:\/\/conectamedia.s3.amazonaws.com\/6739fe4b9427dabd1c9773b97cbc1b0b.mp3?_=1\" \/><a href=\"http:\/\/conectamedia.s3.amazonaws.com\/6739fe4b9427dabd1c9773b97cbc1b0b.mp3\">http:\/\/conectamedia.s3.amazonaws.com\/6739fe4b9427dabd1c9773b97cbc1b0b.mp3<\/a><\/audio>\n","protected":false},"excerpt":{"rendered":"<p>Ernesto Silva, Acad\u00e9mico\u00a0Universidad\u00a0del\u00a0Desarrollo, se refiere a las elecciones primarias en Argentina, se\u00f1alando que son muy malas noticias para el vecino pa\u00eds, pues es una mala se\u00f1al volver al kirchnerismo luego de un per\u00edodo en el que Macri empez\u00f3 a trazar un camino de recuperaci\u00f3n. Sacando lecciones para Chile, Silva indica que es importante la flexibilidad [&hellip;]<\/p>\n","protected":false},"author":22,"featured_media":4478,"comment_status":"open","ping_status":"open","sticky":false,"template":"","format":"standard","meta":{"footnotes":""},"categories":[10162],"tags":[],"class_list":["post-4858","post","type-post","status-publish","format-standard","has-post-thumbnail","hentry","category-centro-en-la-prensa"],"featured_image_url":"https:\/\/gobierno.udd.cl\/cpp\/files\/2019\/06\/Graficas_PoliticasPublicas-03.jpg","_links":{"self":[{"href":"https:\/\/gobierno.udd.cl\/cpp\/wp-json\/wp\/v2\/posts\/4858","targetHints":{"allow":["GET"]}}],"collection":[{"href":"https:\/\/gobierno.udd.cl\/cpp\/wp-json\/wp\/v2\/posts"}],"about":[{"href":"https:\/\/gobierno.udd.cl\/cpp\/wp-json\/wp\/v2\/types\/post"}],"author":[{"embeddable":true,"href":"https:\/\/gobierno.udd.cl\/cpp\/wp-json\/wp\/v2\/users\/22"}],"replies":[{"embeddable":true,"href":"https:\/\/gobierno.udd.cl\/cpp\/wp-json\/wp\/v2\/comments?post=4858"}],"version-history":[{"count":1,"href":"https:\/\/gobierno.udd.cl\/cpp\/wp-json\/wp\/v2\/posts\/4858\/revisions"}],"predecessor-version":[{"id":4859,"href":"https:\/\/gobierno.udd.cl\/cpp\/wp-json\/wp\/v2\/posts\/4858\/revisions\/4859"}],"wp:featuredmedia":[{"embeddable":true,"href":"https:\/\/gobierno.udd.cl\/cpp\/wp-json\/wp\/v2\/media\/4478"}],"wp:attachment":[{"href":"https:\/\/gobierno.udd.cl\/cpp\/wp-json\/wp\/v2\/media?parent=4858"}],"wp:term":[{"taxonomy":"category","embeddable":true,"href":"https:\/\/gobierno.udd.cl\/cpp\/wp-json\/wp\/v2\/categories?post=4858"},{"taxonomy":"post_tag","embeddable":true,"href":"https:\/\/gobierno.udd.cl\/cpp\/wp-json\/wp\/v2\/tags?post=4858"}],"curies":[{"name":"wp","href":"https:\/\/api.w.org\/{rel}","templated":true}]}}