{"id":4854,"date":"2019-08-21T12:31:05","date_gmt":"2019-08-21T16:31:05","guid":{"rendered":"http:\/\/gobierno.udd.cl\/cpp\/?p=4854"},"modified":"2019-08-26T12:32:23","modified_gmt":"2019-08-26T16:32:23","slug":"oposicion-posterga-acusacion-constitucional-contra-marcela-cubillos","status":"publish","type":"post","link":"https:\/\/gobierno.udd.cl\/cpp\/noticias\/2019\/08\/21\/oposicion-posterga-acusacion-constitucional-contra-marcela-cubillos\/","title":{"rendered":"Oposici\u00f3n posterga acusaci\u00f3n constitucional contra Marcela Cubillos &#8211; Mega"},"content":{"rendered":"<p style=\"text-align: justify;\">Parlamentarios de oposici\u00f3n acordaron presentar la acusaci\u00f3n para la primera semana de septiembre.<\/p>\n<p><b>Habla:<\/b>\u00a0Osvaldo Andrade, ex diputado socialista, Gonzalo M\u00fcller, analista pol\u00edtico y acad\u00e9mico\u00a0<span class=\"highlight\">Universidad<\/span>\u00a0<span class=\"highlight\">del<\/span>\u00a0<span class=\"highlight\">Desarrollo<\/span>.<br \/>\n<b>Menci\u00f3n:<\/b>\u00a0Marcela Cubillos, ministra de Educaci\u00f3n; Admisi\u00f3n Escolar; Cecilia P\u00e9rez, vocera de Gobierno.<\/p>\n<div style=\"width: 640px;\" class=\"wp-video\"><video class=\"wp-video-shortcode\" id=\"video-4854-1\" width=\"640\" height=\"360\" preload=\"metadata\" controls=\"controls\"><source type=\"video\/mp4\" src=\"http:\/\/conectamedia.s3.amazonaws.com\/87cc46392ec91e1e21a5d6432dc7a622.mp4?_=1\" \/><a href=\"http:\/\/conectamedia.s3.amazonaws.com\/87cc46392ec91e1e21a5d6432dc7a622.mp4\">http:\/\/conectamedia.s3.amazonaws.com\/87cc46392ec91e1e21a5d6432dc7a622.mp4<\/a><\/video><\/div>\n","protected":false},"excerpt":{"rendered":"<p>Parlamentarios de oposici\u00f3n acordaron presentar la acusaci\u00f3n para la primera semana de septiembre. Habla:\u00a0Osvaldo Andrade, ex diputado socialista, Gonzalo M\u00fcller, analista pol\u00edtico y acad\u00e9mico\u00a0Universidad\u00a0del\u00a0Desarrollo. Menci\u00f3n:\u00a0Marcela Cubillos, ministra de Educaci\u00f3n; Admisi\u00f3n Escolar; Cecilia P\u00e9rez, vocera de Gobierno.<\/p>\n","protected":false},"author":22,"featured_media":4478,"comment_status":"open","ping_status":"open","sticky":false,"template":"","format":"standard","meta":{"footnotes":""},"categories":[10162],"tags":[],"class_list":["post-4854","post","type-post","status-publish","format-standard","has-post-thumbnail","hentry","category-centro-en-la-prensa"],"featured_image_url":"https:\/\/gobierno.udd.cl\/cpp\/files\/2019\/06\/Graficas_PoliticasPublicas-03.jpg","_links":{"self":[{"href":"https:\/\/gobierno.udd.cl\/cpp\/wp-json\/wp\/v2\/posts\/4854","targetHints":{"allow":["GET"]}}],"collection":[{"href":"https:\/\/gobierno.udd.cl\/cpp\/wp-json\/wp\/v2\/posts"}],"about":[{"href":"https:\/\/gobierno.udd.cl\/cpp\/wp-json\/wp\/v2\/types\/post"}],"author":[{"embeddable":true,"href":"https:\/\/gobierno.udd.cl\/cpp\/wp-json\/wp\/v2\/users\/22"}],"replies":[{"embeddable":true,"href":"https:\/\/gobierno.udd.cl\/cpp\/wp-json\/wp\/v2\/comments?post=4854"}],"version-history":[{"count":3,"href":"https:\/\/gobierno.udd.cl\/cpp\/wp-json\/wp\/v2\/posts\/4854\/revisions"}],"predecessor-version":[{"id":4857,"href":"https:\/\/gobierno.udd.cl\/cpp\/wp-json\/wp\/v2\/posts\/4854\/revisions\/4857"}],"wp:featuredmedia":[{"embeddable":true,"href":"https:\/\/gobierno.udd.cl\/cpp\/wp-json\/wp\/v2\/media\/4478"}],"wp:attachment":[{"href":"https:\/\/gobierno.udd.cl\/cpp\/wp-json\/wp\/v2\/media?parent=4854"}],"wp:term":[{"taxonomy":"category","embeddable":true,"href":"https:\/\/gobierno.udd.cl\/cpp\/wp-json\/wp\/v2\/categories?post=4854"},{"taxonomy":"post_tag","embeddable":true,"href":"https:\/\/gobierno.udd.cl\/cpp\/wp-json\/wp\/v2\/tags?post=4854"}],"curies":[{"name":"wp","href":"https:\/\/api.w.org\/{rel}","templated":true}]}}