{"id":4852,"date":"2019-08-25T12:27:26","date_gmt":"2019-08-25T16:27:26","guid":{"rendered":"http:\/\/gobierno.udd.cl\/cpp\/?p=4852"},"modified":"2019-08-26T12:27:34","modified_gmt":"2019-08-26T16:27:34","slug":"estado-nacional-domingo-25-de-agosto-tvn","status":"publish","type":"post","link":"https:\/\/gobierno.udd.cl\/cpp\/noticias\/2019\/08\/25\/estado-nacional-domingo-25-de-agosto-tvn\/","title":{"rendered":"Estado Nacional domingo 25 de agosto &#8211; TVN"},"content":{"rendered":"<p style=\"text-align: justify;\">Revisamos las noticias pol\u00edticas de la semana junto a Mat\u00edas del R\u00edo y panelistas. Los invitados de este cap\u00edtulo fueron el presidente del PS, \u00c1lvaro Elizalde, y el presidente de la Sofofa, Bernardo Larra\u00edn.<\/p>\n<p style=\"text-align: justify;\"><b>Habla:<\/b>\u00a0Carlos Larra\u00edn, Ex senador RN; Gonzalo M\u00fcller, Director del centro de pol\u00edticas p\u00fablicas\u00a0<span class=\"highlight\">UDD<\/span>; Valentina Quiroga, ex subsecretaria de Educaci\u00f3n; Alberto Undurraga, ex Ministro de Obras P\u00fablicas; \u00c1lvaro Elizalde, Presidente del PS.<\/p>\n<p style=\"text-align: justify;\"><strong>Temas tratados<\/strong><\/p>\n<ul>\n<li style=\"text-align: justify;\">Pugna entre el Gobierno y el PS por presunto v\u00ednculos con el narcotr\u00e1fico.<\/li>\n<li style=\"text-align: justify;\">Vuelta de Hern\u00e1ndez Norambuena a Chile<\/li>\n<li style=\"text-align: justify;\">DC dividida por Reforma Tributaria<\/li>\n<\/ul>\n<p>Revisa el programa completo <a href=\"https:\/\/www.24horas.cl\/programas\/estadonacional\/estado-nacional---domingo-25-de-agosto-3548412\">AQU\u00cd<\/a><\/p>\n<p><a href=\"https:\/\/www.24horas.cl\/programas\/estadonacional\/estado-nacional---domingo-25-de-agosto-3548412\"><img loading=\"lazy\" decoding=\"async\" class=\"wp-image-22867 alignleft\" src=\"https:\/\/gobierno.udd.cl\/files\/2019\/08\/Estado-Nacional-300x168.jpg\" alt=\"\" width=\"398\" height=\"223\" \/><\/a><\/p>\n","protected":false},"excerpt":{"rendered":"<p>Revisamos las noticias pol\u00edticas de la semana junto a Mat\u00edas del R\u00edo y panelistas. Los invitados de este cap\u00edtulo fueron el presidente del PS, \u00c1lvaro Elizalde, y el presidente de la Sofofa, Bernardo Larra\u00edn. Habla:\u00a0Carlos Larra\u00edn, Ex senador RN; Gonzalo M\u00fcller, Director del centro de pol\u00edticas p\u00fablicas\u00a0UDD; Valentina Quiroga, ex subsecretaria de Educaci\u00f3n; Alberto Undurraga, [&hellip;]<\/p>\n","protected":false},"author":22,"featured_media":4478,"comment_status":"open","ping_status":"open","sticky":false,"template":"","format":"standard","meta":{"footnotes":""},"categories":[10162],"tags":[],"class_list":["post-4852","post","type-post","status-publish","format-standard","has-post-thumbnail","hentry","category-centro-en-la-prensa"],"featured_image_url":"https:\/\/gobierno.udd.cl\/cpp\/files\/2019\/06\/Graficas_PoliticasPublicas-03.jpg","_links":{"self":[{"href":"https:\/\/gobierno.udd.cl\/cpp\/wp-json\/wp\/v2\/posts\/4852","targetHints":{"allow":["GET"]}}],"collection":[{"href":"https:\/\/gobierno.udd.cl\/cpp\/wp-json\/wp\/v2\/posts"}],"about":[{"href":"https:\/\/gobierno.udd.cl\/cpp\/wp-json\/wp\/v2\/types\/post"}],"author":[{"embeddable":true,"href":"https:\/\/gobierno.udd.cl\/cpp\/wp-json\/wp\/v2\/users\/22"}],"replies":[{"embeddable":true,"href":"https:\/\/gobierno.udd.cl\/cpp\/wp-json\/wp\/v2\/comments?post=4852"}],"version-history":[{"count":1,"href":"https:\/\/gobierno.udd.cl\/cpp\/wp-json\/wp\/v2\/posts\/4852\/revisions"}],"predecessor-version":[{"id":4853,"href":"https:\/\/gobierno.udd.cl\/cpp\/wp-json\/wp\/v2\/posts\/4852\/revisions\/4853"}],"wp:featuredmedia":[{"embeddable":true,"href":"https:\/\/gobierno.udd.cl\/cpp\/wp-json\/wp\/v2\/media\/4478"}],"wp:attachment":[{"href":"https:\/\/gobierno.udd.cl\/cpp\/wp-json\/wp\/v2\/media?parent=4852"}],"wp:term":[{"taxonomy":"category","embeddable":true,"href":"https:\/\/gobierno.udd.cl\/cpp\/wp-json\/wp\/v2\/categories?post=4852"},{"taxonomy":"post_tag","embeddable":true,"href":"https:\/\/gobierno.udd.cl\/cpp\/wp-json\/wp\/v2\/tags?post=4852"}],"curies":[{"name":"wp","href":"https:\/\/api.w.org\/{rel}","templated":true}]}}