{"id":4846,"date":"2019-08-13T11:18:13","date_gmt":"2019-08-13T15:18:13","guid":{"rendered":"http:\/\/gobierno.udd.cl\/cpp\/?p=4846"},"modified":"2019-08-20T11:28:29","modified_gmt":"2019-08-20T15:28:29","slug":"el-debate-sobre-la-reduccion-de-la-jornada-laboral-mega-plus","status":"publish","type":"post","link":"https:\/\/gobierno.udd.cl\/cpp\/noticias\/2019\/08\/13\/el-debate-sobre-la-reduccion-de-la-jornada-laboral-mega-plus\/","title":{"rendered":"El debate sobre la reducci\u00f3n de la jornada laboral &#8211; Mega Plus"},"content":{"rendered":"<p style=\"text-align: justify;\">La diputada comunista Camila Vallejos present\u00f3 una moci\u00f3n para reducir a 40 horas semanales la jornada laboral. Mientras tanto, el Gobierno present\u00f3 su propio proyecto para bajar a 41 horas con flexibilidad.<\/p>\n<p><b>Habla:<\/b>\u00a0Eugenio Guzm\u00e1n, analista pol\u00edtico y decano Facultad de Gobierno de la\u00a0<span class=\"highlight\">Universidad<\/span>\u00a0<span class=\"highlight\">del<\/span>\u00a0<span class=\"highlight\">Desarrollo<\/span>; Max Colodro, analista pol\u00edtico y acad\u00e9mico Universidad Adolfo Iba\u00f1ez.<\/p>\n<p><b>Menci\u00f3n:<\/b>\u00a0Mauricio Macri, presidente de Argentina.<\/p>\n<div style=\"width: 640px;\" class=\"wp-video\"><video class=\"wp-video-shortcode\" id=\"video-4846-1\" width=\"640\" height=\"360\" preload=\"metadata\" controls=\"controls\"><source type=\"video\/mp4\" src=\"http:\/\/conectamedia.s3.amazonaws.com\/e26d6f40d3c7b3e2ac34992c6ebbdee7.mp4?_=1\" \/><a href=\"http:\/\/conectamedia.s3.amazonaws.com\/e26d6f40d3c7b3e2ac34992c6ebbdee7.mp4\">http:\/\/conectamedia.s3.amazonaws.com\/e26d6f40d3c7b3e2ac34992c6ebbdee7.mp4<\/a><\/video><\/div>\n","protected":false},"excerpt":{"rendered":"<p>La diputada comunista Camila Vallejos present\u00f3 una moci\u00f3n para reducir a 40 horas semanales la jornada laboral. Mientras tanto, el Gobierno present\u00f3 su propio proyecto para bajar a 41 horas con flexibilidad. Habla:\u00a0Eugenio Guzm\u00e1n, analista pol\u00edtico y decano Facultad de Gobierno de la\u00a0Universidad\u00a0del\u00a0Desarrollo; Max Colodro, analista pol\u00edtico y acad\u00e9mico Universidad Adolfo Iba\u00f1ez. Menci\u00f3n:\u00a0Mauricio Macri, presidente [&hellip;]<\/p>\n","protected":false},"author":22,"featured_media":4478,"comment_status":"open","ping_status":"open","sticky":false,"template":"","format":"standard","meta":{"footnotes":""},"categories":[10162],"tags":[],"class_list":["post-4846","post","type-post","status-publish","format-standard","has-post-thumbnail","hentry","category-centro-en-la-prensa"],"featured_image_url":"https:\/\/gobierno.udd.cl\/cpp\/files\/2019\/06\/Graficas_PoliticasPublicas-03.jpg","_links":{"self":[{"href":"https:\/\/gobierno.udd.cl\/cpp\/wp-json\/wp\/v2\/posts\/4846","targetHints":{"allow":["GET"]}}],"collection":[{"href":"https:\/\/gobierno.udd.cl\/cpp\/wp-json\/wp\/v2\/posts"}],"about":[{"href":"https:\/\/gobierno.udd.cl\/cpp\/wp-json\/wp\/v2\/types\/post"}],"author":[{"embeddable":true,"href":"https:\/\/gobierno.udd.cl\/cpp\/wp-json\/wp\/v2\/users\/22"}],"replies":[{"embeddable":true,"href":"https:\/\/gobierno.udd.cl\/cpp\/wp-json\/wp\/v2\/comments?post=4846"}],"version-history":[{"count":1,"href":"https:\/\/gobierno.udd.cl\/cpp\/wp-json\/wp\/v2\/posts\/4846\/revisions"}],"predecessor-version":[{"id":4847,"href":"https:\/\/gobierno.udd.cl\/cpp\/wp-json\/wp\/v2\/posts\/4846\/revisions\/4847"}],"wp:featuredmedia":[{"embeddable":true,"href":"https:\/\/gobierno.udd.cl\/cpp\/wp-json\/wp\/v2\/media\/4478"}],"wp:attachment":[{"href":"https:\/\/gobierno.udd.cl\/cpp\/wp-json\/wp\/v2\/media?parent=4846"}],"wp:term":[{"taxonomy":"category","embeddable":true,"href":"https:\/\/gobierno.udd.cl\/cpp\/wp-json\/wp\/v2\/categories?post=4846"},{"taxonomy":"post_tag","embeddable":true,"href":"https:\/\/gobierno.udd.cl\/cpp\/wp-json\/wp\/v2\/tags?post=4846"}],"curies":[{"name":"wp","href":"https:\/\/api.w.org\/{rel}","templated":true}]}}