{"id":4802,"date":"2019-08-01T10:35:22","date_gmt":"2019-08-01T14:35:22","guid":{"rendered":"http:\/\/gobierno.udd.cl\/cpp\/?p=4802"},"modified":"2019-08-06T10:37:16","modified_gmt":"2019-08-06T14:37:16","slug":"debate-democrata-en-ee-uu-revela-divisiones-cnn-chile","status":"publish","type":"post","link":"https:\/\/gobierno.udd.cl\/cpp\/noticias\/2019\/08\/01\/debate-democrata-en-ee-uu-revela-divisiones-cnn-chile\/","title":{"rendered":"Debate dem\u00f3crata en EE.UU. revela divisiones &#8211; CNN Chile"},"content":{"rendered":"<p style=\"text-align: justify;\"><b>Habla:<\/b>\u00a0Bill de Blasio, precandidato dem\u00f3crata; Joe Biden, precandidato dem\u00f3crata; Cory Booker, precandidato dem\u00f3crata; Davor Mimica, profesor an\u00e1lisis pol\u00edtico UAI;\u00a0<span class=\"highlight\">Guido<\/span>\u00a0<span class=\"highlight\">Larson<\/span>, cientista pol\u00edtico.<\/p>\n<p style=\"text-align: justify;\">An\u00e1lisis de segunda jornada de debates del partido Dem\u00f3crata de Estados Unidos, el cual revel\u00f3 divisiones.<\/p>\n<div style=\"width: 640px;\" class=\"wp-video\"><video class=\"wp-video-shortcode\" id=\"video-4802-1\" width=\"640\" height=\"360\" preload=\"metadata\" controls=\"controls\"><source type=\"video\/mp4\" src=\"http:\/\/conectamedia.s3.amazonaws.com\/f199018afee041104d071bff0aeb22a3.mp4?_=1\" \/><a href=\"http:\/\/conectamedia.s3.amazonaws.com\/f199018afee041104d071bff0aeb22a3.mp4\">http:\/\/conectamedia.s3.amazonaws.com\/f199018afee041104d071bff0aeb22a3.mp4<\/a><\/video><\/div>\n<p>&nbsp;<\/p>\n","protected":false},"excerpt":{"rendered":"<p>Habla:\u00a0Bill de Blasio, precandidato dem\u00f3crata; Joe Biden, precandidato dem\u00f3crata; Cory Booker, precandidato dem\u00f3crata; Davor Mimica, profesor an\u00e1lisis pol\u00edtico UAI;\u00a0Guido\u00a0Larson, cientista pol\u00edtico. An\u00e1lisis de segunda jornada de debates del partido Dem\u00f3crata de Estados Unidos, el cual revel\u00f3 divisiones. http:\/\/conectamedia.s3.amazonaws.com\/f199018afee041104d071bff0aeb22a3.mp4 &nbsp;<\/p>\n","protected":false},"author":22,"featured_media":4524,"comment_status":"open","ping_status":"open","sticky":false,"template":"","format":"standard","meta":{"footnotes":""},"categories":[10162],"tags":[],"class_list":["post-4802","post","type-post","status-publish","format-standard","has-post-thumbnail","hentry","category-centro-en-la-prensa"],"featured_image_url":"https:\/\/gobierno.udd.cl\/cpp\/files\/2019\/05\/Graficas_PoliticasPublicas-03.jpg","_links":{"self":[{"href":"https:\/\/gobierno.udd.cl\/cpp\/wp-json\/wp\/v2\/posts\/4802","targetHints":{"allow":["GET"]}}],"collection":[{"href":"https:\/\/gobierno.udd.cl\/cpp\/wp-json\/wp\/v2\/posts"}],"about":[{"href":"https:\/\/gobierno.udd.cl\/cpp\/wp-json\/wp\/v2\/types\/post"}],"author":[{"embeddable":true,"href":"https:\/\/gobierno.udd.cl\/cpp\/wp-json\/wp\/v2\/users\/22"}],"replies":[{"embeddable":true,"href":"https:\/\/gobierno.udd.cl\/cpp\/wp-json\/wp\/v2\/comments?post=4802"}],"version-history":[{"count":1,"href":"https:\/\/gobierno.udd.cl\/cpp\/wp-json\/wp\/v2\/posts\/4802\/revisions"}],"predecessor-version":[{"id":4803,"href":"https:\/\/gobierno.udd.cl\/cpp\/wp-json\/wp\/v2\/posts\/4802\/revisions\/4803"}],"wp:featuredmedia":[{"embeddable":true,"href":"https:\/\/gobierno.udd.cl\/cpp\/wp-json\/wp\/v2\/media\/4524"}],"wp:attachment":[{"href":"https:\/\/gobierno.udd.cl\/cpp\/wp-json\/wp\/v2\/media?parent=4802"}],"wp:term":[{"taxonomy":"category","embeddable":true,"href":"https:\/\/gobierno.udd.cl\/cpp\/wp-json\/wp\/v2\/categories?post=4802"},{"taxonomy":"post_tag","embeddable":true,"href":"https:\/\/gobierno.udd.cl\/cpp\/wp-json\/wp\/v2\/tags?post=4802"}],"curies":[{"name":"wp","href":"https:\/\/api.w.org\/{rel}","templated":true}]}}