{"id":4800,"date":"2019-07-29T10:27:01","date_gmt":"2019-07-29T14:27:01","guid":{"rendered":"http:\/\/gobierno.udd.cl\/cpp\/?p=4800"},"modified":"2019-08-06T15:35:12","modified_gmt":"2019-08-06T19:35:12","slug":"gobierno-critica-proyecto-de-reduccion-de-jornada-laboral-t13-radio","status":"publish","type":"post","link":"https:\/\/gobierno.udd.cl\/cpp\/noticias\/2019\/07\/29\/gobierno-critica-proyecto-de-reduccion-de-jornada-laboral-t13-radio\/","title":{"rendered":"Gobierno critica proyecto de reducci\u00f3n de jornada laboral &#8211; T13 Radio"},"content":{"rendered":"<p style=\"text-align: justify;\"><b>Habla:<\/b>\u00a0Marcela Sandoval, vice presidenta de Revoluci\u00f3n Democr\u00e1tica; Gonzalo M\u00fcller, director del Centro de Pol\u00edticas P\u00fablicas UDD.<\/p>\n<p style=\"text-align: justify;\">Sigue la molestia del Gobierno por el proyecto de ley que disminuye la jornada laboral de 45 a 40 horas. Es por ello, que pondr\u00e1 suma urgencia a la legislaci\u00f3n del proyecto de Ley de Modernizaci\u00f3n Laboral, que incluye la posibilidad del lograr acuerdos con el empleador sobre el horario.<\/p>\n<audio class=\"wp-audio-shortcode\" id=\"audio-4800-1\" preload=\"none\" style=\"width: 100%;\" controls=\"controls\"><source type=\"audio\/mpeg\" src=\"http:\/\/conectamedia.s3.amazonaws.com\/47bf397c117be8200ed4dc44c5a6c911.mp3?_=1\" \/><a href=\"http:\/\/conectamedia.s3.amazonaws.com\/47bf397c117be8200ed4dc44c5a6c911.mp3\">http:\/\/conectamedia.s3.amazonaws.com\/47bf397c117be8200ed4dc44c5a6c911.mp3<\/a><\/audio>\n","protected":false},"excerpt":{"rendered":"<p>Habla:\u00a0Marcela Sandoval, vice presidenta de Revoluci\u00f3n Democr\u00e1tica; Gonzalo M\u00fcller, director del Centro de Pol\u00edticas P\u00fablicas UDD. Sigue la molestia del Gobierno por el proyecto de ley que disminuye la jornada laboral de 45 a 40 horas. Es por ello, que pondr\u00e1 suma urgencia a la legislaci\u00f3n del proyecto de Ley de Modernizaci\u00f3n Laboral, que incluye [&hellip;]<\/p>\n","protected":false},"author":22,"featured_media":4524,"comment_status":"open","ping_status":"open","sticky":false,"template":"","format":"standard","meta":{"footnotes":""},"categories":[10162],"tags":[],"class_list":["post-4800","post","type-post","status-publish","format-standard","has-post-thumbnail","hentry","category-centro-en-la-prensa"],"featured_image_url":"https:\/\/gobierno.udd.cl\/cpp\/files\/2019\/05\/Graficas_PoliticasPublicas-03.jpg","_links":{"self":[{"href":"https:\/\/gobierno.udd.cl\/cpp\/wp-json\/wp\/v2\/posts\/4800","targetHints":{"allow":["GET"]}}],"collection":[{"href":"https:\/\/gobierno.udd.cl\/cpp\/wp-json\/wp\/v2\/posts"}],"about":[{"href":"https:\/\/gobierno.udd.cl\/cpp\/wp-json\/wp\/v2\/types\/post"}],"author":[{"embeddable":true,"href":"https:\/\/gobierno.udd.cl\/cpp\/wp-json\/wp\/v2\/users\/22"}],"replies":[{"embeddable":true,"href":"https:\/\/gobierno.udd.cl\/cpp\/wp-json\/wp\/v2\/comments?post=4800"}],"version-history":[{"count":3,"href":"https:\/\/gobierno.udd.cl\/cpp\/wp-json\/wp\/v2\/posts\/4800\/revisions"}],"predecessor-version":[{"id":4807,"href":"https:\/\/gobierno.udd.cl\/cpp\/wp-json\/wp\/v2\/posts\/4800\/revisions\/4807"}],"wp:featuredmedia":[{"embeddable":true,"href":"https:\/\/gobierno.udd.cl\/cpp\/wp-json\/wp\/v2\/media\/4524"}],"wp:attachment":[{"href":"https:\/\/gobierno.udd.cl\/cpp\/wp-json\/wp\/v2\/media?parent=4800"}],"wp:term":[{"taxonomy":"category","embeddable":true,"href":"https:\/\/gobierno.udd.cl\/cpp\/wp-json\/wp\/v2\/categories?post=4800"},{"taxonomy":"post_tag","embeddable":true,"href":"https:\/\/gobierno.udd.cl\/cpp\/wp-json\/wp\/v2\/tags?post=4800"}],"curies":[{"name":"wp","href":"https:\/\/api.w.org\/{rel}","templated":true}]}}