{"id":4781,"date":"2019-07-24T09:15:32","date_gmt":"2019-07-24T13:15:32","guid":{"rendered":"http:\/\/gobierno.udd.cl\/cpp\/?p=4781"},"modified":"2019-07-31T09:19:31","modified_gmt":"2019-07-31T13:19:31","slug":"programa-directo-al-grano-radio-agricultura-3","status":"publish","type":"post","link":"https:\/\/gobierno.udd.cl\/cpp\/noticias\/2019\/07\/24\/programa-directo-al-grano-radio-agricultura-3\/","title":{"rendered":"Programa \u00abDirecto al grano\u00bb &#8211; Radio Agricultura"},"content":{"rendered":"<p style=\"text-align: justify;\"><strong>Habla: <\/strong>Gonzalo Muller, Director Centro de Pol\u00edticas P\u00fablicas UDD, Alfredo Barriga, experto en tecnolog\u00eda y consultor de estrategias digitales, Cristina Orellana, ex vicepresidenta de la DC.<\/p>\n<h3 style=\"text-align: justify;\">Las disculpas de Daniel Jadue a Michelle Bachelet<\/h3>\n<p style=\"text-align: justify;\">Conversaci\u00f3n sobre las disculpas que habr\u00eda realizado el Alcalde de Recoleta, Daniel Jadue, a la ex Presidenta y actual Alta Comisionada de los Derechos Humanos de la ONU, Michelle Bachelet, sus dichos de que estar\u00eda apoyando un golpe de estado contra Nicol\u00e1s Maduro.<\/p>\n<audio class=\"wp-audio-shortcode\" id=\"audio-4781-1\" preload=\"none\" style=\"width: 100%;\" controls=\"controls\"><source type=\"audio\/mpeg\" src=\"http:\/\/conectamedia.s3.amazonaws.com\/0df394566b139d532990e4bdbfc23995.mp3?_=1\" \/><a href=\"http:\/\/conectamedia.s3.amazonaws.com\/0df394566b139d532990e4bdbfc23995.mp3\">http:\/\/conectamedia.s3.amazonaws.com\/0df394566b139d532990e4bdbfc23995.mp3<\/a><\/audio>\n<p>&nbsp;<\/p>\n<h3 style=\"text-align: justify;\">Reforma tributaria vista desde el punto de vista digital<\/h3>\n<p style=\"text-align: justify;\">Conversaci\u00f3n sobre las reformas del gobierno respecto a impuestos. Algunos impulsan que se desarrollen a trav\u00e9s del \u00e1mbito digital.<\/p>\n<audio class=\"wp-audio-shortcode\" id=\"audio-4781-2\" preload=\"none\" style=\"width: 100%;\" controls=\"controls\"><source type=\"audio\/mpeg\" src=\"http:\/\/conectamedia.s3.amazonaws.com\/2b2c0393a3c2e911c8dc48b8fb8192bd.mp3?_=2\" \/><a href=\"http:\/\/conectamedia.s3.amazonaws.com\/2b2c0393a3c2e911c8dc48b8fb8192bd.mp3\">http:\/\/conectamedia.s3.amazonaws.com\/2b2c0393a3c2e911c8dc48b8fb8192bd.mp3<\/a><\/audio>\n<p>&nbsp;<\/p>\n<h3 style=\"text-align: justify;\">Cuenta p\u00fablica del Congreso<\/h3>\n<p style=\"text-align: justify;\">Conversaci\u00f3n sobre la cuenta p\u00fablica del parlamento, haciendo \u00e9nfasis en la reducci\u00f3n del n\u00famero de parlamentarios y la resta de algunos de sus beneficios.<\/p>\n<audio class=\"wp-audio-shortcode\" id=\"audio-4781-3\" preload=\"none\" style=\"width: 100%;\" controls=\"controls\"><source type=\"audio\/mpeg\" src=\"http:\/\/conectamedia.s3.amazonaws.com\/18c04933f64ba8c7ac807c95dbf3d364.mp3?_=3\" \/><a href=\"http:\/\/conectamedia.s3.amazonaws.com\/18c04933f64ba8c7ac807c95dbf3d364.mp3\">http:\/\/conectamedia.s3.amazonaws.com\/18c04933f64ba8c7ac807c95dbf3d364.mp3<\/a><\/audio>\n<p>&nbsp;<\/p>\n<h3 style=\"text-align: justify;\">La cooperaci\u00f3n de las fuerzas armadas en la lucha contra el narcotr\u00e1fico<\/h3>\n<p style=\"text-align: justify;\">Conversaci\u00f3n sobre el reingreso del decreto para que las fuerzas armadas combatan el narcotr\u00e1fico en la frontera.<\/p>\n<audio class=\"wp-audio-shortcode\" id=\"audio-4781-4\" preload=\"none\" style=\"width: 100%;\" controls=\"controls\"><source type=\"audio\/mpeg\" src=\"http:\/\/conectamedia.s3.amazonaws.com\/2dc53bc5a100f98da8a620c15f5d60a5.mp3?_=4\" \/><a href=\"http:\/\/conectamedia.s3.amazonaws.com\/2dc53bc5a100f98da8a620c15f5d60a5.mp3\">http:\/\/conectamedia.s3.amazonaws.com\/2dc53bc5a100f98da8a620c15f5d60a5.mp3<\/a><\/audio>\n","protected":false},"excerpt":{"rendered":"<p>Habla: Gonzalo Muller, Director Centro de Pol\u00edticas P\u00fablicas UDD, Alfredo Barriga, experto en tecnolog\u00eda y consultor de estrategias digitales, Cristina Orellana, ex vicepresidenta de la DC. Las disculpas de Daniel Jadue a Michelle Bachelet Conversaci\u00f3n sobre las disculpas que habr\u00eda realizado el Alcalde de Recoleta, Daniel Jadue, a la ex Presidenta y actual Alta Comisionada [&hellip;]<\/p>\n","protected":false},"author":22,"featured_media":4524,"comment_status":"open","ping_status":"open","sticky":false,"template":"","format":"standard","meta":{"footnotes":""},"categories":[10162],"tags":[],"class_list":["post-4781","post","type-post","status-publish","format-standard","has-post-thumbnail","hentry","category-centro-en-la-prensa"],"featured_image_url":"https:\/\/gobierno.udd.cl\/cpp\/files\/2019\/05\/Graficas_PoliticasPublicas-03.jpg","_links":{"self":[{"href":"https:\/\/gobierno.udd.cl\/cpp\/wp-json\/wp\/v2\/posts\/4781","targetHints":{"allow":["GET"]}}],"collection":[{"href":"https:\/\/gobierno.udd.cl\/cpp\/wp-json\/wp\/v2\/posts"}],"about":[{"href":"https:\/\/gobierno.udd.cl\/cpp\/wp-json\/wp\/v2\/types\/post"}],"author":[{"embeddable":true,"href":"https:\/\/gobierno.udd.cl\/cpp\/wp-json\/wp\/v2\/users\/22"}],"replies":[{"embeddable":true,"href":"https:\/\/gobierno.udd.cl\/cpp\/wp-json\/wp\/v2\/comments?post=4781"}],"version-history":[{"count":3,"href":"https:\/\/gobierno.udd.cl\/cpp\/wp-json\/wp\/v2\/posts\/4781\/revisions"}],"predecessor-version":[{"id":4784,"href":"https:\/\/gobierno.udd.cl\/cpp\/wp-json\/wp\/v2\/posts\/4781\/revisions\/4784"}],"wp:featuredmedia":[{"embeddable":true,"href":"https:\/\/gobierno.udd.cl\/cpp\/wp-json\/wp\/v2\/media\/4524"}],"wp:attachment":[{"href":"https:\/\/gobierno.udd.cl\/cpp\/wp-json\/wp\/v2\/media?parent=4781"}],"wp:term":[{"taxonomy":"category","embeddable":true,"href":"https:\/\/gobierno.udd.cl\/cpp\/wp-json\/wp\/v2\/categories?post=4781"},{"taxonomy":"post_tag","embeddable":true,"href":"https:\/\/gobierno.udd.cl\/cpp\/wp-json\/wp\/v2\/tags?post=4781"}],"curies":[{"name":"wp","href":"https:\/\/api.w.org\/{rel}","templated":true}]}}