{"id":4776,"date":"2019-07-23T15:16:38","date_gmt":"2019-07-23T19:16:38","guid":{"rendered":"http:\/\/gobierno.udd.cl\/cpp\/?p=4776"},"modified":"2019-08-01T12:21:34","modified_gmt":"2019-08-01T16:21:34","slug":"max-colodro-de-la-uai-y-eugenio-guzman-de-la-universidad-del-desarrollo-comentan-diversos-temas-de-la-contingencia-local-mega-plus","status":"publish","type":"post","link":"https:\/\/gobierno.udd.cl\/cpp\/noticias\/2019\/07\/23\/max-colodro-de-la-uai-y-eugenio-guzman-de-la-universidad-del-desarrollo-comentan-diversos-temas-de-la-contingencia-local-mega-plus\/","title":{"rendered":"Max Colodro de la UAI y Eugenio Guzm\u00e1n de la Universidad del Desarrollo comentan diversos temas de la contingencia local &#8211; Mega Plus"},"content":{"rendered":"<p style=\"text-align: justify;\">Max Colodro Soci\u00f3logo y Acad\u00e9mico de la Universidad Adolfo Iba\u00f1ez\u00a0 y Eugenio Guzm\u00e1n, Analista pol\u00edtico y acad\u00e9mico de la\u00a0<span class=\"highlight\">Universidad<\/span>\u00a0<span class=\"highlight\">del<\/span>\u00a0<span class=\"highlight\">Desarrollo<\/span>, comentan sobre diversos temas de la contingencia local.<\/p>\n<p><b>Habla:<\/b>\u00a0Max Colodro Soci\u00f3logo y Acad\u00e9mico de la Universidad Adolfo Iba\u00f1ez y Eugenio Guzm\u00e1n, Analista pol\u00edtico y acad\u00e9mico de la\u00a0<span class=\"highlight\">Universidad<\/span>\u00a0<span class=\"highlight\">del<\/span>\u00a0<span class=\"highlight\">Desarrollo<\/span><\/p>\n<div style=\"width: 640px;\" class=\"wp-video\"><video class=\"wp-video-shortcode\" id=\"video-4776-1\" width=\"640\" height=\"360\" preload=\"metadata\" controls=\"controls\"><source type=\"video\/mp4\" src=\"http:\/\/conectamedia.s3.amazonaws.com\/29e9c49f9fc60644d7de21d637e03920.mp4?_=1\" \/><a href=\"http:\/\/conectamedia.s3.amazonaws.com\/29e9c49f9fc60644d7de21d637e03920.mp4\">http:\/\/conectamedia.s3.amazonaws.com\/29e9c49f9fc60644d7de21d637e03920.mp4<\/a><\/video><\/div>\n","protected":false},"excerpt":{"rendered":"<p>Max Colodro Soci\u00f3logo y Acad\u00e9mico de la Universidad Adolfo Iba\u00f1ez\u00a0 y Eugenio Guzm\u00e1n, Analista pol\u00edtico y acad\u00e9mico de la\u00a0Universidad\u00a0del\u00a0Desarrollo, comentan sobre diversos temas de la contingencia local. Habla:\u00a0Max Colodro Soci\u00f3logo y Acad\u00e9mico de la Universidad Adolfo Iba\u00f1ez y Eugenio Guzm\u00e1n, Analista pol\u00edtico y acad\u00e9mico de la\u00a0Universidad\u00a0del\u00a0Desarrollo<\/p>\n","protected":false},"author":22,"featured_media":4524,"comment_status":"open","ping_status":"open","sticky":false,"template":"","format":"standard","meta":{"footnotes":""},"categories":[10162],"tags":[],"class_list":["post-4776","post","type-post","status-publish","format-standard","has-post-thumbnail","hentry","category-centro-en-la-prensa"],"featured_image_url":"https:\/\/gobierno.udd.cl\/cpp\/files\/2019\/05\/Graficas_PoliticasPublicas-03.jpg","_links":{"self":[{"href":"https:\/\/gobierno.udd.cl\/cpp\/wp-json\/wp\/v2\/posts\/4776","targetHints":{"allow":["GET"]}}],"collection":[{"href":"https:\/\/gobierno.udd.cl\/cpp\/wp-json\/wp\/v2\/posts"}],"about":[{"href":"https:\/\/gobierno.udd.cl\/cpp\/wp-json\/wp\/v2\/types\/post"}],"author":[{"embeddable":true,"href":"https:\/\/gobierno.udd.cl\/cpp\/wp-json\/wp\/v2\/users\/22"}],"replies":[{"embeddable":true,"href":"https:\/\/gobierno.udd.cl\/cpp\/wp-json\/wp\/v2\/comments?post=4776"}],"version-history":[{"count":2,"href":"https:\/\/gobierno.udd.cl\/cpp\/wp-json\/wp\/v2\/posts\/4776\/revisions"}],"predecessor-version":[{"id":4791,"href":"https:\/\/gobierno.udd.cl\/cpp\/wp-json\/wp\/v2\/posts\/4776\/revisions\/4791"}],"wp:featuredmedia":[{"embeddable":true,"href":"https:\/\/gobierno.udd.cl\/cpp\/wp-json\/wp\/v2\/media\/4524"}],"wp:attachment":[{"href":"https:\/\/gobierno.udd.cl\/cpp\/wp-json\/wp\/v2\/media?parent=4776"}],"wp:term":[{"taxonomy":"category","embeddable":true,"href":"https:\/\/gobierno.udd.cl\/cpp\/wp-json\/wp\/v2\/categories?post=4776"},{"taxonomy":"post_tag","embeddable":true,"href":"https:\/\/gobierno.udd.cl\/cpp\/wp-json\/wp\/v2\/tags?post=4776"}],"curies":[{"name":"wp","href":"https:\/\/api.w.org\/{rel}","templated":true}]}}