{"id":4773,"date":"2019-07-25T15:12:09","date_gmt":"2019-07-25T19:12:09","guid":{"rendered":"http:\/\/gobierno.udd.cl\/cpp\/?p=4773"},"modified":"2019-08-01T12:20:23","modified_gmt":"2019-08-01T16:20:23","slug":"entrevista-a-guido-larson-academico-y-analista-de-la-universidad-del-desarrollo-sobre-trama-rusa-mega-plus","status":"publish","type":"post","link":"https:\/\/gobierno.udd.cl\/cpp\/noticias\/2019\/07\/25\/entrevista-a-guido-larson-academico-y-analista-de-la-universidad-del-desarrollo-sobre-trama-rusa-mega-plus\/","title":{"rendered":"Entrevista a Guido Larson, acad\u00e9mico y analista de la Universidad del Desarrollo, sobre trama rusa &#8211; Mega Plus"},"content":{"rendered":"<p style=\"text-align: justify;\">El fiscal especial Robert Mueller se present\u00f3 ante el congreso norteamericano para entregar precisiones sobre la investigaci\u00f3n de la trama rusa que involucra al equipo pol\u00edtico de Donald Trump con Mosc\u00fa, y la influencia de este en las \u00faltimas elecciones presidenciales.El acad\u00e9mico y analista de la Universidad del Desarrollo,\u00a0<span class=\"highlight\">Guido<\/span>\u00a0<span class=\"highlight\">Larson<\/span>\u00a0entrega detalles de este caso.<\/p>\n<p style=\"text-align: justify;\"><b>Habla:<\/b>\u00a0<span class=\"highlight\">Guido<\/span>\u00a0<span class=\"highlight\">Larson<\/span>, acad\u00e9mico y analista de la Universidad del Desarrollo.<\/p>\n<div style=\"width: 640px;\" class=\"wp-video\"><video class=\"wp-video-shortcode\" id=\"video-4773-1\" width=\"640\" height=\"360\" preload=\"metadata\" controls=\"controls\"><source type=\"video\/mp4\" src=\"http:\/\/conectamedia.s3.amazonaws.com\/d6559751998dc4ae7d3bde0287d7a14e.mp4?_=1\" \/><a href=\"http:\/\/conectamedia.s3.amazonaws.com\/d6559751998dc4ae7d3bde0287d7a14e.mp4\">http:\/\/conectamedia.s3.amazonaws.com\/d6559751998dc4ae7d3bde0287d7a14e.mp4<\/a><\/video><\/div>\n","protected":false},"excerpt":{"rendered":"<p>El fiscal especial Robert Mueller se present\u00f3 ante el congreso norteamericano para entregar precisiones sobre la investigaci\u00f3n de la trama rusa que involucra al equipo pol\u00edtico de Donald Trump con Mosc\u00fa, y la influencia de este en las \u00faltimas elecciones presidenciales.El acad\u00e9mico y analista de la Universidad del Desarrollo,\u00a0Guido\u00a0Larson\u00a0entrega detalles de este caso. Habla:\u00a0Guido\u00a0Larson, acad\u00e9mico [&hellip;]<\/p>\n","protected":false},"author":22,"featured_media":4524,"comment_status":"open","ping_status":"open","sticky":false,"template":"","format":"standard","meta":{"footnotes":""},"categories":[10162],"tags":[],"class_list":["post-4773","post","type-post","status-publish","format-standard","has-post-thumbnail","hentry","category-centro-en-la-prensa"],"featured_image_url":"https:\/\/gobierno.udd.cl\/cpp\/files\/2019\/05\/Graficas_PoliticasPublicas-03.jpg","_links":{"self":[{"href":"https:\/\/gobierno.udd.cl\/cpp\/wp-json\/wp\/v2\/posts\/4773","targetHints":{"allow":["GET"]}}],"collection":[{"href":"https:\/\/gobierno.udd.cl\/cpp\/wp-json\/wp\/v2\/posts"}],"about":[{"href":"https:\/\/gobierno.udd.cl\/cpp\/wp-json\/wp\/v2\/types\/post"}],"author":[{"embeddable":true,"href":"https:\/\/gobierno.udd.cl\/cpp\/wp-json\/wp\/v2\/users\/22"}],"replies":[{"embeddable":true,"href":"https:\/\/gobierno.udd.cl\/cpp\/wp-json\/wp\/v2\/comments?post=4773"}],"version-history":[{"count":2,"href":"https:\/\/gobierno.udd.cl\/cpp\/wp-json\/wp\/v2\/posts\/4773\/revisions"}],"predecessor-version":[{"id":4775,"href":"https:\/\/gobierno.udd.cl\/cpp\/wp-json\/wp\/v2\/posts\/4773\/revisions\/4775"}],"wp:featuredmedia":[{"embeddable":true,"href":"https:\/\/gobierno.udd.cl\/cpp\/wp-json\/wp\/v2\/media\/4524"}],"wp:attachment":[{"href":"https:\/\/gobierno.udd.cl\/cpp\/wp-json\/wp\/v2\/media?parent=4773"}],"wp:term":[{"taxonomy":"category","embeddable":true,"href":"https:\/\/gobierno.udd.cl\/cpp\/wp-json\/wp\/v2\/categories?post=4773"},{"taxonomy":"post_tag","embeddable":true,"href":"https:\/\/gobierno.udd.cl\/cpp\/wp-json\/wp\/v2\/tags?post=4773"}],"curies":[{"name":"wp","href":"https:\/\/api.w.org\/{rel}","templated":true}]}}