{"id":4769,"date":"2019-07-26T15:02:44","date_gmt":"2019-07-26T19:02:44","guid":{"rendered":"http:\/\/gobierno.udd.cl\/cpp\/?p=4769"},"modified":"2019-08-01T12:18:11","modified_gmt":"2019-08-01T16:18:11","slug":"vicedecano-de-gobierno-de-la-udd-rodrigo-arellano-explico-la-fallida-investidura-de-pedro-sanchez-espana-24-horas","status":"publish","type":"post","link":"https:\/\/gobierno.udd.cl\/cpp\/noticias\/2019\/07\/26\/vicedecano-de-gobierno-de-la-udd-rodrigo-arellano-explico-la-fallida-investidura-de-pedro-sanchez-espana-24-horas\/","title":{"rendered":"Vicedecano de gobierno de la UDD, Rodrigo Arellano, explic\u00f3 la fallida investidura de Pedro S\u00e1nchez en Espa\u00f1a &#8211; 24 Horas"},"content":{"rendered":"<p>Pedro S\u00e1nchez no ser\u00e1 investido como jefe de gobierno espa\u00f1ol tras no obtener los votos necesarios. El mandatario interino no consigui\u00f3 el apoyo suficiente por lo que va a comenzar a correr el plazo de 2 meses que marca la constituci\u00f3n para intentar una nueva candidatura bajo riesgos de nuevas elecciones.<\/p>\n<p><strong>Habla:<\/strong>\u00a0<span class=\"highlight\">Rodrigo<\/span>\u00a0<span class=\"highlight\">Arellano<\/span>, Vicedecano de la Facultad de Gobierno de la\u00a0<span class=\"highlight\">Universidad<\/span>\u00a0<span class=\"highlight\">del<\/span>\u00a0<span class=\"highlight\">Desarrollo<\/span>.<\/p>\n<div style=\"width: 640px;\" class=\"wp-video\"><video class=\"wp-video-shortcode\" id=\"video-4769-1\" width=\"640\" height=\"360\" preload=\"metadata\" controls=\"controls\"><source type=\"video\/mp4\" src=\"http:\/\/conectamedia.s3.amazonaws.com\/869138946b6e12d9f296f6557437e179.mp4?_=1\" \/><a href=\"http:\/\/conectamedia.s3.amazonaws.com\/869138946b6e12d9f296f6557437e179.mp4\">http:\/\/conectamedia.s3.amazonaws.com\/869138946b6e12d9f296f6557437e179.mp4<\/a><\/video><\/div>\n","protected":false},"excerpt":{"rendered":"<p>Pedro S\u00e1nchez no ser\u00e1 investido como jefe de gobierno espa\u00f1ol tras no obtener los votos necesarios. El mandatario interino no consigui\u00f3 el apoyo suficiente por lo que va a comenzar a correr el plazo de 2 meses que marca la constituci\u00f3n para intentar una nueva candidatura bajo riesgos de nuevas elecciones. Habla:\u00a0Rodrigo\u00a0Arellano, Vicedecano de la [&hellip;]<\/p>\n","protected":false},"author":22,"featured_media":4524,"comment_status":"open","ping_status":"open","sticky":false,"template":"","format":"standard","meta":{"footnotes":""},"categories":[10162],"tags":[],"class_list":["post-4769","post","type-post","status-publish","format-standard","has-post-thumbnail","hentry","category-centro-en-la-prensa"],"featured_image_url":"https:\/\/gobierno.udd.cl\/cpp\/files\/2019\/05\/Graficas_PoliticasPublicas-03.jpg","_links":{"self":[{"href":"https:\/\/gobierno.udd.cl\/cpp\/wp-json\/wp\/v2\/posts\/4769","targetHints":{"allow":["GET"]}}],"collection":[{"href":"https:\/\/gobierno.udd.cl\/cpp\/wp-json\/wp\/v2\/posts"}],"about":[{"href":"https:\/\/gobierno.udd.cl\/cpp\/wp-json\/wp\/v2\/types\/post"}],"author":[{"embeddable":true,"href":"https:\/\/gobierno.udd.cl\/cpp\/wp-json\/wp\/v2\/users\/22"}],"replies":[{"embeddable":true,"href":"https:\/\/gobierno.udd.cl\/cpp\/wp-json\/wp\/v2\/comments?post=4769"}],"version-history":[{"count":2,"href":"https:\/\/gobierno.udd.cl\/cpp\/wp-json\/wp\/v2\/posts\/4769\/revisions"}],"predecessor-version":[{"id":4790,"href":"https:\/\/gobierno.udd.cl\/cpp\/wp-json\/wp\/v2\/posts\/4769\/revisions\/4790"}],"wp:featuredmedia":[{"embeddable":true,"href":"https:\/\/gobierno.udd.cl\/cpp\/wp-json\/wp\/v2\/media\/4524"}],"wp:attachment":[{"href":"https:\/\/gobierno.udd.cl\/cpp\/wp-json\/wp\/v2\/media?parent=4769"}],"wp:term":[{"taxonomy":"category","embeddable":true,"href":"https:\/\/gobierno.udd.cl\/cpp\/wp-json\/wp\/v2\/categories?post=4769"},{"taxonomy":"post_tag","embeddable":true,"href":"https:\/\/gobierno.udd.cl\/cpp\/wp-json\/wp\/v2\/tags?post=4769"}],"curies":[{"name":"wp","href":"https:\/\/api.w.org\/{rel}","templated":true}]}}