{"id":4766,"date":"2019-07-28T14:54:57","date_gmt":"2019-07-28T18:54:57","guid":{"rendered":"http:\/\/gobierno.udd.cl\/cpp\/?p=4766"},"modified":"2019-08-01T12:14:04","modified_gmt":"2019-08-01T16:14:04","slug":"entrevista-a-yun-tso-lee-director-de-centros-de-estudios-internacionales-udd-sobre-visita-de-canciller-chino-cnn-chile","status":"publish","type":"post","link":"https:\/\/gobierno.udd.cl\/cpp\/noticias\/2019\/07\/28\/entrevista-a-yun-tso-lee-director-de-centros-de-estudios-internacionales-udd-sobre-visita-de-canciller-chino-cnn-chile\/","title":{"rendered":"Entrevista a Yun-Tso Lee, Director del Centro de Estudios Internacionales UDD, sobre visita de canciller chino &#8211; CNN Chile"},"content":{"rendered":"<p>Yun-Tso Lee, Director de Centros de Estudios Internacionales\u00a0<span class=\"highlight\">UDD<\/span>, se refiere a la visita de canciller chino a nuestro pa\u00eds, donde se trat\u00f3 temas comerciales entre ambas naciones.<\/p>\n<div><strong>Temas:<\/strong><\/div>\n<div>La llegada del 5G a Chile.<\/div>\n<div>Relaci\u00f3n China con Estados Unidos.<\/div>\n<div>Crisis en Venezuela.<\/div>\n<div><\/div>\n<div><b>Habla:<\/b>\u00a0<b><\/b>Yun-Tso Lee, Director de Centros de Estudios Internacionales\u00a0<span class=\"highlight\">UDD<\/span>.<\/div>\n<div><\/div>\n<div><b><b><br \/>\n<b><br \/>\n<\/b><\/b><\/b><div style=\"width: 640px;\" class=\"wp-video\"><video class=\"wp-video-shortcode\" id=\"video-4766-1\" width=\"640\" height=\"360\" preload=\"metadata\" controls=\"controls\"><source type=\"video\/mp4\" src=\"http:\/\/conectamedia.s3.amazonaws.com\/5b1b96957eb58f109a3a351e9333c67c.mp4?_=1\" \/><a href=\"http:\/\/conectamedia.s3.amazonaws.com\/5b1b96957eb58f109a3a351e9333c67c.mp4\">http:\/\/conectamedia.s3.amazonaws.com\/5b1b96957eb58f109a3a351e9333c67c.mp4<\/a><\/video><\/div><\/p>\n<\/div>\n","protected":false},"excerpt":{"rendered":"<p>Yun-Tso Lee, Director de Centros de Estudios Internacionales\u00a0UDD, se refiere a la visita de canciller chino a nuestro pa\u00eds, donde se trat\u00f3 temas comerciales entre ambas naciones. Temas: La llegada del 5G a Chile. Relaci\u00f3n China con Estados Unidos. Crisis en Venezuela. Habla:\u00a0Yun-Tso Lee, Director de Centros de Estudios Internacionales\u00a0UDD.<\/p>\n","protected":false},"author":22,"featured_media":4524,"comment_status":"open","ping_status":"open","sticky":false,"template":"","format":"standard","meta":{"footnotes":""},"categories":[10162],"tags":[],"class_list":["post-4766","post","type-post","status-publish","format-standard","has-post-thumbnail","hentry","category-centro-en-la-prensa"],"featured_image_url":"https:\/\/gobierno.udd.cl\/cpp\/files\/2019\/05\/Graficas_PoliticasPublicas-03.jpg","_links":{"self":[{"href":"https:\/\/gobierno.udd.cl\/cpp\/wp-json\/wp\/v2\/posts\/4766","targetHints":{"allow":["GET"]}}],"collection":[{"href":"https:\/\/gobierno.udd.cl\/cpp\/wp-json\/wp\/v2\/posts"}],"about":[{"href":"https:\/\/gobierno.udd.cl\/cpp\/wp-json\/wp\/v2\/types\/post"}],"author":[{"embeddable":true,"href":"https:\/\/gobierno.udd.cl\/cpp\/wp-json\/wp\/v2\/users\/22"}],"replies":[{"embeddable":true,"href":"https:\/\/gobierno.udd.cl\/cpp\/wp-json\/wp\/v2\/comments?post=4766"}],"version-history":[{"count":4,"href":"https:\/\/gobierno.udd.cl\/cpp\/wp-json\/wp\/v2\/posts\/4766\/revisions"}],"predecessor-version":[{"id":4789,"href":"https:\/\/gobierno.udd.cl\/cpp\/wp-json\/wp\/v2\/posts\/4766\/revisions\/4789"}],"wp:featuredmedia":[{"embeddable":true,"href":"https:\/\/gobierno.udd.cl\/cpp\/wp-json\/wp\/v2\/media\/4524"}],"wp:attachment":[{"href":"https:\/\/gobierno.udd.cl\/cpp\/wp-json\/wp\/v2\/media?parent=4766"}],"wp:term":[{"taxonomy":"category","embeddable":true,"href":"https:\/\/gobierno.udd.cl\/cpp\/wp-json\/wp\/v2\/categories?post=4766"},{"taxonomy":"post_tag","embeddable":true,"href":"https:\/\/gobierno.udd.cl\/cpp\/wp-json\/wp\/v2\/tags?post=4766"}],"curies":[{"name":"wp","href":"https:\/\/api.w.org\/{rel}","templated":true}]}}